{"id":2469,"date":"2024-04-02T13:04:03","date_gmt":"2024-04-02T11:04:03","guid":{"rendered":"https:\/\/agora.xtec.cat\/zer-les-salines\/?p=2469"},"modified":"2024-04-02T13:04:03","modified_gmt":"2024-04-02T11:04:03","slug":"suport-vital-basic-5","status":"publish","type":"post","link":"https:\/\/agora.xtec.cat\/zer-les-salines\/general\/suport-vital-basic-5\/","title":{"rendered":"Suport vital b\u00e0sic"},"content":{"rendered":"<p>Aquest segon trimestre hem estat treballant el suport vital b\u00e0sic (SVB).<\/p>\n<p>Hem dedicat algunes sessions a aprendre com actuar davant d&#8217;una situaci\u00f3 d&#8217;emerg\u00e8ncia (demanar ajuda, trucar al 112, etc.). L&#8217;alumnat d&#8217;educaci\u00f3 infantil i cicle inicial ho han fet a trav\u00e9s del conte &#8220;A ca\u00e7ar bolets!&#8221; i l&#8217;alumnat de cicle mitj\u00e0 i cicle superior ho ha fet amb ninots de pr\u00e0ctiques que ens ha deixat el Servei Educatiu de l&#8217;Alt Empord\u00e0.<\/p>\n<p>Per aquest motiu compartim amb vosaltres unes presentacions de <a href=\"https:\/\/drive.google.com\/drive\/folders\/1lBRqdERKDTl8i-cUHq9at4Yuy07wP6-E?usp=sharing\">primers auxilis<\/a> per si \u00e9s del vostre inter\u00e8s o per si voleu practicar a casa.<\/p>\n<p>Tamb\u00e9 compartim els <a href=\"https:\/\/drive.google.com\/drive\/folders\/1bKOWs-p05E0R-uRUOL5Vzb7PvykGpO1k?usp=sharing\">v\u00eddeos<\/a> dels contes que han fet l&#8217;alumnat d&#8217;educaci\u00f3 infantil i cicle inicial.<\/p>\n<p>I com a novetat a l&#8217;escola Santa Cec\u00edlia ens han visitat dues persones dels serveis d&#8217;emerg\u00e8ncies i l&#8217;alumnat ha pogut veure una ambul\u00e0ncia per dins. Aqu\u00ed us deixem <a href=\"https:\/\/drive.google.com\/drive\/folders\/1-4zMiYGRyspCbE6kAOXZEdmhFhopTOxE?usp=sharing\">l&#8217;enlla\u00e7<\/a> per veure les imatges.<\/p>\n<p><sub>(recordeu que nom\u00e9s els podreu veure si accediu amb l&#8217;usuari i contrasenya del vostre fill\/a amb el domini de la ZER, @zerlessalines.cat)<\/sub><\/p>\n","protected":false},"excerpt":{"rendered":"<p>Aquest segon trimestre hem estat treballant el suport vital b\u00e0sic (SVB).<br \/>\nHem dedicat algunes sessions a aprendre com actuar davant d&#8217;una situaci\u00f3 d&#8217;emerg\u00e8ncia (demanar ajuda, trucar al 112, etc.). L&#8217;alumnat d&#8217;educaci\u00f3 infantil i cicle inicial ho han fet a trav\u00e9s del conte &#8220;A ca\u00e7ar bolets!&#8221; i&hellip;  <a href=\"https:\/\/agora.xtec.cat\/zer-les-salines\/general\/suport-vital-basic-5\/\" title=\"Read Suport vital b\u00e0sic\">Llegeix m\u00e9s\u00bb<\/a><\/p>\n","protected":false},"author":3,"featured_media":2503,"comment_status":"open","ping_status":"closed","sticky":false,"template":"","format":"standard","meta":{"_bbp_topic_count":0,"_bbp_reply_count":0,"_bbp_total_topic_count":0,"_bbp_total_reply_count":0,"_bbp_voice_count":0,"_bbp_anonymous_reply_count":0,"_bbp_topic_count_hidden":0,"_bbp_reply_count_hidden":0,"_bbp_forum_subforum_count":0,"footnotes":""},"categories":[120,227,1,29],"tags":[506,224,228],"class_list":["post-2469","post","type-post","status-publish","format-standard","has-post-thumbnail","hentry","category-ef","category-families","category-general","category-portada","tag-curs-23-24","tag-educacio-fisica","tag-suport-vital-basic"],"post_mailing_queue_ids":[],"_links":{"self":[{"href":"https:\/\/agora.xtec.cat\/zer-les-salines\/wp-json\/wp\/v2\/posts\/2469","targetHints":{"allow":["GET"]}}],"collection":[{"href":"https:\/\/agora.xtec.cat\/zer-les-salines\/wp-json\/wp\/v2\/posts"}],"about":[{"href":"https:\/\/agora.xtec.cat\/zer-les-salines\/wp-json\/wp\/v2\/types\/post"}],"author":[{"embeddable":true,"href":"https:\/\/agora.xtec.cat\/zer-les-salines\/wp-json\/wp\/v2\/users\/3"}],"replies":[{"embeddable":true,"href":"https:\/\/agora.xtec.cat\/zer-les-salines\/wp-json\/wp\/v2\/comments?post=2469"}],"version-history":[{"count":2,"href":"https:\/\/agora.xtec.cat\/zer-les-salines\/wp-json\/wp\/v2\/posts\/2469\/revisions"}],"predecessor-version":[{"id":2504,"href":"https:\/\/agora.xtec.cat\/zer-les-salines\/wp-json\/wp\/v2\/posts\/2469\/revisions\/2504"}],"wp:featuredmedia":[{"embeddable":true,"href":"https:\/\/agora.xtec.cat\/zer-les-salines\/wp-json\/wp\/v2\/media\/2503"}],"wp:attachment":[{"href":"https:\/\/agora.xtec.cat\/zer-les-salines\/wp-json\/wp\/v2\/media?parent=2469"}],"wp:term":[{"taxonomy":"category","embeddable":true,"href":"https:\/\/agora.xtec.cat\/zer-les-salines\/wp-json\/wp\/v2\/categories?post=2469"},{"taxonomy":"post_tag","embeddable":true,"href":"https:\/\/agora.xtec.cat\/zer-les-salines\/wp-json\/wp\/v2\/tags?post=2469"}],"curies":[{"name":"wp","href":"https:\/\/api.w.org\/{rel}","templated":true}]}}