{"id":2463,"date":"2024-03-15T18:52:48","date_gmt":"2024-03-15T17:52:48","guid":{"rendered":"https:\/\/agora.xtec.cat\/zer-les-salines\/?p=2463"},"modified":"2024-03-15T18:53:37","modified_gmt":"2024-03-15T17:53:37","slug":"14e-rodajoc-la-jonquera","status":"publish","type":"post","link":"https:\/\/agora.xtec.cat\/zer-les-salines\/general\/14e-rodajoc-la-jonquera\/","title":{"rendered":"14\u00e8 Rodajoc La Jonquera"},"content":{"rendered":"<p>Avui hem celebrat el 14\u00e8 Rodajoc La Jonquera amb tot l&#8217;alumnat de cicle mitj\u00e0 de les escoles de la ZER Requesens, l&#8217;escola Llu\u00eds Mari\u00e0 Vidal d&#8217;Agullana i l&#8217;escola Josep Pe\u00f1uelas del Rio.<\/p>\n<p>Aquest any hem jugat a jocs d&#8217;arreu del m\u00f3n i hem fet la cloenda amb jocs amb paracaigudes. En aquest <a href=\"https:\/\/drive.google.com\/drive\/folders\/1DybZ9glk-ZdKPYz-vc-N8_wcKOIIQ9RW?usp=sharing\">enlla\u00e7<\/a> podreu veure les imatges.<\/p>\n<p><sub>Recordeu que nom\u00e9s podreu visualitzar les imatges amb el correu electr\u00f2nic del vostre fill o filla del domini e la ZER (usuari@zerlessalines.cat)<\/sub><\/p>\n","protected":false},"excerpt":{"rendered":"<p>Avui hem celebrat el 14\u00e8 Rodajoc La Jonquera amb tot l&#8217;alumnat de cicle mitj\u00e0 de les escoles de la ZER Requesens, l&#8217;escola Llu\u00eds Mari\u00e0 Vidal d&#8217;Agullana i l&#8217;escola Josep Pe\u00f1uelas del Rio.<br \/>\nAquest any hem jugat a jocs d&#8217;arreu del m\u00f3n i hem fet la cloenda&hellip;  <a href=\"https:\/\/agora.xtec.cat\/zer-les-salines\/general\/14e-rodajoc-la-jonquera\/\" title=\"Read 14\u00e8 Rodajoc La Jonquera\">Llegeix m\u00e9s\u00bb<\/a><\/p>\n","protected":false},"author":1,"featured_media":2468,"comment_status":"open","ping_status":"closed","sticky":false,"template":"","format":"standard","meta":{"_bbp_topic_count":0,"_bbp_reply_count":0,"_bbp_total_topic_count":0,"_bbp_total_reply_count":0,"_bbp_voice_count":0,"_bbp_anonymous_reply_count":0,"_bbp_topic_count_hidden":0,"_bbp_reply_count_hidden":0,"_bbp_forum_subforum_count":0,"footnotes":""},"categories":[125,120,1,29],"tags":[506,377,376],"class_list":["post-2463","post","type-post","status-publish","format-standard","has-post-thumbnail","hentry","category-activitatszer","category-ef","category-general","category-portada","tag-curs-23-24","tag-la-jonquera","tag-rodajoc"],"post_mailing_queue_ids":[],"_links":{"self":[{"href":"https:\/\/agora.xtec.cat\/zer-les-salines\/wp-json\/wp\/v2\/posts\/2463","targetHints":{"allow":["GET"]}}],"collection":[{"href":"https:\/\/agora.xtec.cat\/zer-les-salines\/wp-json\/wp\/v2\/posts"}],"about":[{"href":"https:\/\/agora.xtec.cat\/zer-les-salines\/wp-json\/wp\/v2\/types\/post"}],"author":[{"embeddable":true,"href":"https:\/\/agora.xtec.cat\/zer-les-salines\/wp-json\/wp\/v2\/users\/1"}],"replies":[{"embeddable":true,"href":"https:\/\/agora.xtec.cat\/zer-les-salines\/wp-json\/wp\/v2\/comments?post=2463"}],"version-history":[{"count":1,"href":"https:\/\/agora.xtec.cat\/zer-les-salines\/wp-json\/wp\/v2\/posts\/2463\/revisions"}],"predecessor-version":[{"id":2465,"href":"https:\/\/agora.xtec.cat\/zer-les-salines\/wp-json\/wp\/v2\/posts\/2463\/revisions\/2465"}],"wp:featuredmedia":[{"embeddable":true,"href":"https:\/\/agora.xtec.cat\/zer-les-salines\/wp-json\/wp\/v2\/media\/2468"}],"wp:attachment":[{"href":"https:\/\/agora.xtec.cat\/zer-les-salines\/wp-json\/wp\/v2\/media?parent=2463"}],"wp:term":[{"taxonomy":"category","embeddable":true,"href":"https:\/\/agora.xtec.cat\/zer-les-salines\/wp-json\/wp\/v2\/categories?post=2463"},{"taxonomy":"post_tag","embeddable":true,"href":"https:\/\/agora.xtec.cat\/zer-les-salines\/wp-json\/wp\/v2\/tags?post=2463"}],"curies":[{"name":"wp","href":"https:\/\/api.w.org\/{rel}","templated":true}]}}