{"id":2460,"date":"2024-03-15T18:44:34","date_gmt":"2024-03-15T17:44:34","guid":{"rendered":"https:\/\/agora.xtec.cat\/zer-les-salines\/?p=2460"},"modified":"2024-03-15T18:44:34","modified_gmt":"2024-03-15T17:44:34","slug":"les-formigues-den-dali","status":"publish","type":"post","link":"https:\/\/agora.xtec.cat\/zer-les-salines\/portada\/les-formigues-den-dali\/","title":{"rendered":"Les formigues d&#8217;en Dal\u00ed!"},"content":{"rendered":"<p>El passat dimarts 12 de mar\u00e7 l&#8217;alumnat d&#8217;educaci\u00f3 infantil i cicle inicial van anar a visitar el museu Dal\u00ed i a buscar les formigues que hi ha pels carrers de Figueres!<\/p>\n<p>Us deixem algunes imatges en aquest <a href=\"https:\/\/drive.google.com\/drive\/folders\/1mkfB8a28SzvjoUc1uDACsyYu_XFIkaFc?usp=sharing\">enlla\u00e7<\/a>.<\/p>\n<p><sup>Recordeu que nom\u00e9s hi podreu accedir mitjan\u00e7ant el correu electr\u00f2nic del vostre fill\/a del domini de la ZER (usuari@zerlessalines.cat).<\/sup><\/p>\n","protected":false},"excerpt":{"rendered":"<p>El passat dimarts 12 de mar\u00e7 l&#8217;alumnat d&#8217;educaci\u00f3 infantil i cicle inicial van anar a visitar el museu Dal\u00ed i a buscar les formigues que hi ha pels carrers de Figueres!<br \/>\nUs deixem algunes imatges en aquest <a href=\"https:\/\/drive.google.com\/drive\/folders\/1mkfB8a28SzvjoUc1uDACsyYu_XFIkaFc?usp=sharing\">enlla\u00e7<\/a>.<br \/>\nRecordeu que nom\u00e9s hi podreu accedir mitjan\u00e7ant el&hellip;  <a href=\"https:\/\/agora.xtec.cat\/zer-les-salines\/portada\/les-formigues-den-dali\/\" title=\"Read Les formigues d&#8217;en Dal\u00ed!\">Llegeix m\u00e9s\u00bb<\/a><\/p>\n","protected":false},"author":1,"featured_media":2461,"comment_status":"open","ping_status":"closed","sticky":false,"template":"","format":"standard","meta":{"_bbp_topic_count":0,"_bbp_reply_count":0,"_bbp_total_topic_count":0,"_bbp_total_reply_count":0,"_bbp_voice_count":0,"_bbp_anonymous_reply_count":0,"_bbp_topic_count_hidden":0,"_bbp_reply_count_hidden":0,"_bbp_forum_subforum_count":0,"footnotes":""},"categories":[125,29],"tags":[506,396,515],"class_list":["post-2460","post","type-post","status-publish","format-standard","has-post-thumbnail","hentry","category-activitatszer","category-portada","tag-curs-23-24","tag-figueres","tag-projecte-comarca"],"post_mailing_queue_ids":[],"_links":{"self":[{"href":"https:\/\/agora.xtec.cat\/zer-les-salines\/wp-json\/wp\/v2\/posts\/2460","targetHints":{"allow":["GET"]}}],"collection":[{"href":"https:\/\/agora.xtec.cat\/zer-les-salines\/wp-json\/wp\/v2\/posts"}],"about":[{"href":"https:\/\/agora.xtec.cat\/zer-les-salines\/wp-json\/wp\/v2\/types\/post"}],"author":[{"embeddable":true,"href":"https:\/\/agora.xtec.cat\/zer-les-salines\/wp-json\/wp\/v2\/users\/1"}],"replies":[{"embeddable":true,"href":"https:\/\/agora.xtec.cat\/zer-les-salines\/wp-json\/wp\/v2\/comments?post=2460"}],"version-history":[{"count":1,"href":"https:\/\/agora.xtec.cat\/zer-les-salines\/wp-json\/wp\/v2\/posts\/2460\/revisions"}],"predecessor-version":[{"id":2462,"href":"https:\/\/agora.xtec.cat\/zer-les-salines\/wp-json\/wp\/v2\/posts\/2460\/revisions\/2462"}],"wp:featuredmedia":[{"embeddable":true,"href":"https:\/\/agora.xtec.cat\/zer-les-salines\/wp-json\/wp\/v2\/media\/2461"}],"wp:attachment":[{"href":"https:\/\/agora.xtec.cat\/zer-les-salines\/wp-json\/wp\/v2\/media?parent=2460"}],"wp:term":[{"taxonomy":"category","embeddable":true,"href":"https:\/\/agora.xtec.cat\/zer-les-salines\/wp-json\/wp\/v2\/categories?post=2460"},{"taxonomy":"post_tag","embeddable":true,"href":"https:\/\/agora.xtec.cat\/zer-les-salines\/wp-json\/wp\/v2\/tags?post=2460"}],"curies":[{"name":"wp","href":"https:\/\/api.w.org\/{rel}","templated":true}]}}