{"id":2457,"date":"2024-03-15T17:39:44","date_gmt":"2024-03-15T16:39:44","guid":{"rendered":"https:\/\/agora.xtec.cat\/zer-les-salines\/?p=2457"},"modified":"2024-03-15T17:39:44","modified_gmt":"2024-03-15T16:39:44","slug":"preinscripcio-24-25","status":"publish","type":"post","link":"https:\/\/agora.xtec.cat\/zer-les-salines\/general\/preinscripcio-24-25\/","title":{"rendered":"Preinscripci\u00f3 24\/25"},"content":{"rendered":"<p>Presenteu les vostres sol\u00b7licituds fins el 20 de mar\u00e7.<\/p>\n<p>En aquests enlla\u00e7os trobareu m\u00e9s informaci\u00f3:<\/p>\n<p><a href=\"https:\/\/preinscripcio.gencat.cat\/ca\/estudis\/primaria\/inici\/\">Inscripci\u00f3. Educaci\u00f3 Prim\u00e0ria<\/a><\/p>\n<p><a href=\"https:\/\/preinscripcio.gencat.cat\/ca\/estudis\/infantil-3-6\/inici\/\">Inscripci\u00f3. Educaci\u00f3 Infantil<\/a><\/p>\n","protected":false},"excerpt":{"rendered":"<p>Presenteu les vostres sol\u00b7licituds fins el 20 de mar\u00e7.<br \/>\nEn aquests enlla\u00e7os trobareu m\u00e9s informaci\u00f3:<br \/>\n<a href=\"https:\/\/preinscripcio.gencat.cat\/ca\/estudis\/primaria\/inici\/\">Inscripci\u00f3. Educaci\u00f3 Prim\u00e0ria<\/a><br \/>\n<a href=\"https:\/\/preinscripcio.gencat.cat\/ca\/estudis\/infantil-3-6\/inici\/\">Inscripci\u00f3. Educaci\u00f3 Infantil<\/a><\/p>\n","protected":false},"author":1,"featured_media":2458,"comment_status":"open","ping_status":"closed","sticky":false,"template":"","format":"standard","meta":{"_bbp_topic_count":0,"_bbp_reply_count":0,"_bbp_total_topic_count":0,"_bbp_total_reply_count":0,"_bbp_voice_count":0,"_bbp_anonymous_reply_count":0,"_bbp_topic_count_hidden":0,"_bbp_reply_count_hidden":0,"_bbp_forum_subforum_count":0,"footnotes":""},"categories":[227,1,29],"tags":[290],"class_list":["post-2457","post","type-post","status-publish","format-standard","has-post-thumbnail","hentry","category-families","category-general","category-portada","tag-preinscripcio"],"post_mailing_queue_ids":[],"_links":{"self":[{"href":"https:\/\/agora.xtec.cat\/zer-les-salines\/wp-json\/wp\/v2\/posts\/2457","targetHints":{"allow":["GET"]}}],"collection":[{"href":"https:\/\/agora.xtec.cat\/zer-les-salines\/wp-json\/wp\/v2\/posts"}],"about":[{"href":"https:\/\/agora.xtec.cat\/zer-les-salines\/wp-json\/wp\/v2\/types\/post"}],"author":[{"embeddable":true,"href":"https:\/\/agora.xtec.cat\/zer-les-salines\/wp-json\/wp\/v2\/users\/1"}],"replies":[{"embeddable":true,"href":"https:\/\/agora.xtec.cat\/zer-les-salines\/wp-json\/wp\/v2\/comments?post=2457"}],"version-history":[{"count":1,"href":"https:\/\/agora.xtec.cat\/zer-les-salines\/wp-json\/wp\/v2\/posts\/2457\/revisions"}],"predecessor-version":[{"id":2459,"href":"https:\/\/agora.xtec.cat\/zer-les-salines\/wp-json\/wp\/v2\/posts\/2457\/revisions\/2459"}],"wp:featuredmedia":[{"embeddable":true,"href":"https:\/\/agora.xtec.cat\/zer-les-salines\/wp-json\/wp\/v2\/media\/2458"}],"wp:attachment":[{"href":"https:\/\/agora.xtec.cat\/zer-les-salines\/wp-json\/wp\/v2\/media?parent=2457"}],"wp:term":[{"taxonomy":"category","embeddable":true,"href":"https:\/\/agora.xtec.cat\/zer-les-salines\/wp-json\/wp\/v2\/categories?post=2457"},{"taxonomy":"post_tag","embeddable":true,"href":"https:\/\/agora.xtec.cat\/zer-les-salines\/wp-json\/wp\/v2\/tags?post=2457"}],"curies":[{"name":"wp","href":"https:\/\/api.w.org\/{rel}","templated":true}]}}