{"id":2450,"date":"2024-02-14T13:23:06","date_gmt":"2024-02-14T12:23:06","guid":{"rendered":"https:\/\/agora.xtec.cat\/zer-les-salines\/?p=2450"},"modified":"2024-02-14T13:23:06","modified_gmt":"2024-02-14T12:23:06","slug":"trobades-esportives-comarcals-2","status":"publish","type":"post","link":"https:\/\/agora.xtec.cat\/zer-les-salines\/portada\/trobades-esportives-comarcals-2\/","title":{"rendered":"Trobades esportives comarcals"},"content":{"rendered":"<p>El consell esportiu de l&#8217;Alt Empord\u00e0 organitza 5 trobades esportives entre els mesos de febrer i mar\u00e7. Aquestes trobades esportives comarcals es realitzen en diferents dissabtes al mat\u00ed on, els nens i nenes des d\u2019I3 fins a 6\u00e8, es troben en un ambient esportiu practicant diferents esports de manera conjunta.<\/p>\n<p>La primera trobada es realitzar\u00e0 el proper dissabte 24 de febrer a Vilaju\u00efga.<\/p>\n<p>Les trobades s\u00f3n gratu\u00eftes, per\u00f2 es demana inscripci\u00f3 pr\u00e8via a trav\u00e9s el QR que trobareu al document informatiu d&#8217;aquest mateix article.<\/p>\n<p>L&#8217;horari \u00e9s de 10h a 12:30, per\u00f2 cal estar a les 9:30 a les instal\u00b7lacions.<\/p>\n<p>Cal portar esmorzar i aigua.<\/p>\n<p><a href=\"https:\/\/agora.xtec.cat\/zer-les-salines\/wp-content\/uploads\/usu1080\/2024\/02\/2024-Trobades-Esportives-Comarcals-5.pdf\">2024-Trobades Esportives Comarcals<\/a><\/p>\n","protected":false},"excerpt":{"rendered":"<p>El consell esportiu de l&#8217;Alt Empord\u00e0 organitza 5 trobades esportives entre els mesos de febrer i mar\u00e7. Aquestes trobades esportives comarcals es realitzen en diferents dissabtes al mat\u00ed on, els nens i nenes des d\u2019I3 fins a 6\u00e8, es troben en un ambient esportiu practicant&hellip;  <a href=\"https:\/\/agora.xtec.cat\/zer-les-salines\/portada\/trobades-esportives-comarcals-2\/\" title=\"Read Trobades esportives comarcals\">Llegeix m\u00e9s\u00bb<\/a><\/p>\n","protected":false},"author":3,"featured_media":2452,"comment_status":"open","ping_status":"closed","sticky":false,"template":"","format":"standard","meta":{"_bbp_topic_count":0,"_bbp_reply_count":0,"_bbp_total_topic_count":0,"_bbp_total_reply_count":0,"_bbp_voice_count":0,"_bbp_anonymous_reply_count":0,"_bbp_topic_count_hidden":0,"_bbp_reply_count_hidden":0,"_bbp_forum_subforum_count":0,"footnotes":""},"categories":[120,227,29],"tags":[257,354,506,487],"class_list":["post-2450","post","type-post","status-publish","format-standard","has-post-thumbnail","hentry","category-ef","category-families","category-portada","tag-activitat-fisica","tag-consell-esportiu","tag-curs-23-24","tag-esports"],"post_mailing_queue_ids":[],"_links":{"self":[{"href":"https:\/\/agora.xtec.cat\/zer-les-salines\/wp-json\/wp\/v2\/posts\/2450","targetHints":{"allow":["GET"]}}],"collection":[{"href":"https:\/\/agora.xtec.cat\/zer-les-salines\/wp-json\/wp\/v2\/posts"}],"about":[{"href":"https:\/\/agora.xtec.cat\/zer-les-salines\/wp-json\/wp\/v2\/types\/post"}],"author":[{"embeddable":true,"href":"https:\/\/agora.xtec.cat\/zer-les-salines\/wp-json\/wp\/v2\/users\/3"}],"replies":[{"embeddable":true,"href":"https:\/\/agora.xtec.cat\/zer-les-salines\/wp-json\/wp\/v2\/comments?post=2450"}],"version-history":[{"count":1,"href":"https:\/\/agora.xtec.cat\/zer-les-salines\/wp-json\/wp\/v2\/posts\/2450\/revisions"}],"predecessor-version":[{"id":2453,"href":"https:\/\/agora.xtec.cat\/zer-les-salines\/wp-json\/wp\/v2\/posts\/2450\/revisions\/2453"}],"wp:featuredmedia":[{"embeddable":true,"href":"https:\/\/agora.xtec.cat\/zer-les-salines\/wp-json\/wp\/v2\/media\/2452"}],"wp:attachment":[{"href":"https:\/\/agora.xtec.cat\/zer-les-salines\/wp-json\/wp\/v2\/media?parent=2450"}],"wp:term":[{"taxonomy":"category","embeddable":true,"href":"https:\/\/agora.xtec.cat\/zer-les-salines\/wp-json\/wp\/v2\/categories?post=2450"},{"taxonomy":"post_tag","embeddable":true,"href":"https:\/\/agora.xtec.cat\/zer-les-salines\/wp-json\/wp\/v2\/tags?post=2450"}],"curies":[{"name":"wp","href":"https:\/\/api.w.org\/{rel}","templated":true}]}}