{"id":2445,"date":"2023-12-20T13:30:05","date_gmt":"2023-12-20T12:30:05","guid":{"rendered":"https:\/\/agora.xtec.cat\/zer-les-salines\/?p=2445"},"modified":"2023-12-20T13:30:05","modified_gmt":"2023-12-20T12:30:05","slug":"la-pedra-seca-a-biure","status":"publish","type":"post","link":"https:\/\/agora.xtec.cat\/zer-les-salines\/portada\/la-pedra-seca-a-biure\/","title":{"rendered":"La PEDRA SECA a BIURE"},"content":{"rendered":"<p><span style=\"font-weight: 400\">El <\/span><b>dijous 28 de setembre de 2023<\/b><span style=\"font-weight: 400\">, va venir en Marc Franch Quintana de la Universitat de Girona, a explicar-nos la Biodiversitat de la Pedra Seca. Va ser molt interessant i vam aprendre moltes coses. Quan vam acabar la xerrada vam anar a La Sala a veure una exposici\u00f3 en forma de trencaclosques que pod\u00edem moure com vol\u00edem. En cada pe\u00e7a hi havia informaci\u00f3 de a pedra seca i un munt de reptes. <\/span><\/p>\n<p><span style=\"font-weight: 400\">Un dia que passej\u00e0vem, per Biure, ens vam trobar amb en Pere Pedrosa, un marger de la comarca, i en Bruno, un noi de Sant Cugat que havia heretat unes terres. Els vam acompanyar a veure les seves terres, i en aquestes vam trobar molts elements de pedra seca. Ens van explicar moltes coses de la pedra seca i vam poder preguntar-ne moltes. Vam acabar la sortida APADRINANT 4 elements de pedra seca (dos murs i dues barraques) de les que cuidarem i en farem un seguiment perqu\u00e8 no es facin malb\u00e9. <\/span><\/p>\n<p>Aqu\u00ed us deixem unes <a href=\"https:\/\/drive.google.com\/drive\/folders\/1FDTnIly-l8sRazr5ojizPvAd5FrGz3JW?usp=sharing\">fotografies<\/a>.<\/p>\n<p>&nbsp;<\/p>\n<p><sup>Recordeu que per accedir a les fotografies necessitareu tenir tots els usuaris d\u2019altres correus electr\u00f2nics tancats i entrar amb l\u2019usuari i contrasenya de zerlessalines.cat dels vostres fills\/es<\/sup><\/p>\n","protected":false},"excerpt":{"rendered":"<p>El dijous 28 de setembre de 2023, va venir en Marc Franch Quintana de la Universitat de Girona, a explicar-nos la Biodiversitat de la Pedra Seca. Va ser molt interessant i vam aprendre moltes coses. Quan vam acabar la xerrada vam anar a La Sala&hellip;  <a href=\"https:\/\/agora.xtec.cat\/zer-les-salines\/portada\/la-pedra-seca-a-biure\/\" title=\"Read La PEDRA SECA a BIURE\">Llegeix m\u00e9s\u00bb<\/a><\/p>\n","protected":false},"author":86,"featured_media":2447,"comment_status":"open","ping_status":"closed","sticky":false,"template":"","format":"standard","meta":{"_bbp_topic_count":0,"_bbp_reply_count":0,"_bbp_total_topic_count":0,"_bbp_total_reply_count":0,"_bbp_voice_count":0,"_bbp_anonymous_reply_count":0,"_bbp_topic_count_hidden":0,"_bbp_reply_count_hidden":0,"_bbp_forum_subforum_count":0,"footnotes":""},"categories":[116,29],"tags":[514],"class_list":["post-2445","post","type-post","status-publish","format-standard","has-post-thumbnail","hentry","category-blog-escola-manueldepedrolo","category-portada","tag-pedra-seca-biure"],"post_mailing_queue_ids":[],"_links":{"self":[{"href":"https:\/\/agora.xtec.cat\/zer-les-salines\/wp-json\/wp\/v2\/posts\/2445","targetHints":{"allow":["GET"]}}],"collection":[{"href":"https:\/\/agora.xtec.cat\/zer-les-salines\/wp-json\/wp\/v2\/posts"}],"about":[{"href":"https:\/\/agora.xtec.cat\/zer-les-salines\/wp-json\/wp\/v2\/types\/post"}],"author":[{"embeddable":true,"href":"https:\/\/agora.xtec.cat\/zer-les-salines\/wp-json\/wp\/v2\/users\/86"}],"replies":[{"embeddable":true,"href":"https:\/\/agora.xtec.cat\/zer-les-salines\/wp-json\/wp\/v2\/comments?post=2445"}],"version-history":[{"count":1,"href":"https:\/\/agora.xtec.cat\/zer-les-salines\/wp-json\/wp\/v2\/posts\/2445\/revisions"}],"predecessor-version":[{"id":2448,"href":"https:\/\/agora.xtec.cat\/zer-les-salines\/wp-json\/wp\/v2\/posts\/2445\/revisions\/2448"}],"wp:featuredmedia":[{"embeddable":true,"href":"https:\/\/agora.xtec.cat\/zer-les-salines\/wp-json\/wp\/v2\/media\/2447"}],"wp:attachment":[{"href":"https:\/\/agora.xtec.cat\/zer-les-salines\/wp-json\/wp\/v2\/media?parent=2445"}],"wp:term":[{"taxonomy":"category","embeddable":true,"href":"https:\/\/agora.xtec.cat\/zer-les-salines\/wp-json\/wp\/v2\/categories?post=2445"},{"taxonomy":"post_tag","embeddable":true,"href":"https:\/\/agora.xtec.cat\/zer-les-salines\/wp-json\/wp\/v2\/tags?post=2445"}],"curies":[{"name":"wp","href":"https:\/\/api.w.org\/{rel}","templated":true}]}}