{"id":2442,"date":"2023-12-18T18:00:17","date_gmt":"2023-12-18T17:00:17","guid":{"rendered":"https:\/\/agora.xtec.cat\/zer-les-salines\/?p=2442"},"modified":"2023-12-18T09:51:07","modified_gmt":"2023-12-18T08:51:07","slug":"emergencia-al-pais-de-la-magia","status":"publish","type":"post","link":"https:\/\/agora.xtec.cat\/zer-les-salines\/portada\/emergencia-al-pais-de-la-magia\/","title":{"rendered":"Emerg\u00e8ncia al Pa\u00eds de la M\u00e0gia"},"content":{"rendered":"<p>El passat 15 de desembre a la sala de La Societat de Boadella vam celebrar l&#8217;espectacle de Nadal &#8220;Emerg\u00e8ncia al Pa\u00eds de la M\u00e0gia&#8221;.<\/p>\n<p>Un espectacle basat en el conte de Cinta Arasa i adaptat per Anna Aragay. M\u00fasica i did\u00e0ctica de N\u00faria Mauricio i Rosabel Bofarull i il\u00b7lustracions de Cristina Girol.<\/p>\n<p>Les seg\u00fcents can\u00e7ons van ser cantades o dansades per tot l&#8217;alumnat de la ZER Les Salines:<\/p>\n<p>1. Els carters (cicle superior)<br \/>\n2. Agafo el paraigua (cicle mitj\u00e0)<br \/>\n3. El Pa\u00eds de la M\u00e0gia (cicle mitj\u00e0 i superior)<br \/>\n4. El Ti\u00f3 (ed. infantil i cicle inicial)<br \/>\n5. En Rodolf (ed. infantil i cicle inicial)<br \/>\n6. Els camells (cicle inicial i mitj\u00e0)<br \/>\n7. La Befana &#8211; Pop. italiana (cicle inicial)<br \/>\n8. L\u2019Olentzero &#8211; Pop. basca (cicle superior)<br \/>\n9. L&#8217;Arc M\u00e0gic de Sant Mart\u00ed<\/p>\n<p>Per finalitzar l&#8217;espectacle, tots junts, vam cantar la can\u00e7\u00f3 de\u00a0 &#8220;Viu el Nadal&#8221; de Jordi Ninus i vam gaudir d&#8217;una bona xocolata calenta, gr\u00e0cies a la col\u00b7laboraci\u00f3 de les associacions de fam\u00edlies dels tres pobles de la ZER.<\/p>\n<p>Tot seguit, amb l&#8217;usuari de la zerlessalines.cat i fent clic en el seg\u00fcent enlla\u00e7 podreu visualitzar l&#8217;espectacle: <a href=\"https:\/\/drive.google.com\/file\/d\/1rh2LNwxL6lvuY9RaB2pJAgzkQ_bvx9XC\/view?usp=sharing\">Emerg\u00e8ncia al Pa\u00eds de la M\u00e0gia<\/a><\/p>\n","protected":false},"excerpt":{"rendered":"<p>El passat 15 de desembre a la sala de La Societat de Boadella vam celebrar l&#8217;espectacle de Nadal &#8220;Emerg\u00e8ncia al Pa\u00eds de la M\u00e0gia&#8221;.<br \/>\nUn espectacle basat en el conte de Cinta Arasa i adaptat per Anna Aragay. M\u00fasica i did\u00e0ctica de N\u00faria Mauricio i Rosabel&hellip;  <a href=\"https:\/\/agora.xtec.cat\/zer-les-salines\/portada\/emergencia-al-pais-de-la-magia\/\" title=\"Read Emerg\u00e8ncia al Pa\u00eds de la M\u00e0gia\">Llegeix m\u00e9s\u00bb<\/a><\/p>\n","protected":false},"author":1,"featured_media":2443,"comment_status":"open","ping_status":"closed","sticky":false,"template":"","format":"standard","meta":{"_bbp_topic_count":0,"_bbp_reply_count":0,"_bbp_total_topic_count":0,"_bbp_total_reply_count":0,"_bbp_voice_count":0,"_bbp_anonymous_reply_count":0,"_bbp_topic_count_hidden":0,"_bbp_reply_count_hidden":0,"_bbp_forum_subforum_count":0,"footnotes":""},"categories":[125,120,29],"tags":[513,399,506,212],"class_list":["post-2442","post","type-post","status-publish","format-standard","has-post-thumbnail","hentry","category-activitatszer","category-ef","category-portada","tag-artistica","tag-concert-de-musica","tag-curs-23-24","tag-nadal"],"post_mailing_queue_ids":[],"_links":{"self":[{"href":"https:\/\/agora.xtec.cat\/zer-les-salines\/wp-json\/wp\/v2\/posts\/2442","targetHints":{"allow":["GET"]}}],"collection":[{"href":"https:\/\/agora.xtec.cat\/zer-les-salines\/wp-json\/wp\/v2\/posts"}],"about":[{"href":"https:\/\/agora.xtec.cat\/zer-les-salines\/wp-json\/wp\/v2\/types\/post"}],"author":[{"embeddable":true,"href":"https:\/\/agora.xtec.cat\/zer-les-salines\/wp-json\/wp\/v2\/users\/1"}],"replies":[{"embeddable":true,"href":"https:\/\/agora.xtec.cat\/zer-les-salines\/wp-json\/wp\/v2\/comments?post=2442"}],"version-history":[{"count":1,"href":"https:\/\/agora.xtec.cat\/zer-les-salines\/wp-json\/wp\/v2\/posts\/2442\/revisions"}],"predecessor-version":[{"id":2444,"href":"https:\/\/agora.xtec.cat\/zer-les-salines\/wp-json\/wp\/v2\/posts\/2442\/revisions\/2444"}],"wp:featuredmedia":[{"embeddable":true,"href":"https:\/\/agora.xtec.cat\/zer-les-salines\/wp-json\/wp\/v2\/media\/2443"}],"wp:attachment":[{"href":"https:\/\/agora.xtec.cat\/zer-les-salines\/wp-json\/wp\/v2\/media?parent=2442"}],"wp:term":[{"taxonomy":"category","embeddable":true,"href":"https:\/\/agora.xtec.cat\/zer-les-salines\/wp-json\/wp\/v2\/categories?post=2442"},{"taxonomy":"post_tag","embeddable":true,"href":"https:\/\/agora.xtec.cat\/zer-les-salines\/wp-json\/wp\/v2\/tags?post=2442"}],"curies":[{"name":"wp","href":"https:\/\/api.w.org\/{rel}","templated":true}]}}