{"id":2439,"date":"2023-11-28T16:17:24","date_gmt":"2023-11-28T15:17:24","guid":{"rendered":"https:\/\/agora.xtec.cat\/zer-les-salines\/?p=2439"},"modified":"2023-11-28T16:17:24","modified_gmt":"2023-11-28T15:17:24","slug":"olimpic-emporda-2023","status":"publish","type":"post","link":"https:\/\/agora.xtec.cat\/zer-les-salines\/portada\/olimpic-emporda-2023\/","title":{"rendered":"Ol\u00edmpic Empord\u00e0 2023"},"content":{"rendered":"<p>Aquestes \u00faltimes setmanes hem estat practicant a l&#8217;escola Manuel de Pedrolo i a l&#8217;escola Les Salines, diferents disciplines de l&#8217;atletisme, perqu\u00e8 el Consell Esportiu de l&#8217;Alt Empord\u00e0 ens ha ofert una jornada a l&#8217;escola anomenada &#8220;Mini Olimp\u00edades&#8221; dirigida als infants de cicle inicial.<\/p>\n<p><a href=\"https:\/\/drive.google.com\/drive\/folders\/1FbjwM8TM0xmjPHwBA5QAUydGql2_dh3D?usp=sharing\">Mini Olimp\u00edades a Biure<\/a> \/ <a href=\"https:\/\/drive.google.com\/drive\/folders\/1-1gBjW6yQMTlo7uuZmArix3WxbAoWYXM?usp=sharing\">Mini Olimp\u00edades a Ma\u00e7anet<\/a><\/p>\n<p>Aquest <strong>dissabte dia 2 de desembre<\/strong> se celebra l&#8217;<strong>Ol\u00edmpic Empord\u00e0<\/strong>. \u00c9s una activitat nova d&#8217;aquest curs i \u00e9s<strong> oberta i gratu\u00efta<\/strong> per a tots els infants de <strong>primer<\/strong> i <strong>segon<\/strong> de prim\u00e0ria de tot l&#8217;Alt Empord\u00e0.<\/p>\n<p>Us animem a assistir!<\/p>\n<p>Us deixem <a href=\"https:\/\/www.cealtemporda.cat\/ca\/olimpic-emporda-2023\">l&#8217;enlla\u00e7<\/a> amb m\u00e9s informaci\u00f3.<\/p>\n","protected":false},"excerpt":{"rendered":"<p>Aquestes \u00faltimes setmanes hem estat practicant a l&#8217;escola Manuel de Pedrolo i a l&#8217;escola Les Salines, diferents disciplines de l&#8217;atletisme, perqu\u00e8 el Consell Esportiu de l&#8217;Alt Empord\u00e0 ens ha ofert una jornada a l&#8217;escola anomenada &#8220;Mini Olimp\u00edades&#8221; dirigida als infants de cicle inicial.<br \/>\n<a href=\"https:\/\/drive.google.com\/drive\/folders\/1FbjwM8TM0xmjPHwBA5QAUydGql2_dh3D?usp=sharing\">Mini Olimp\u00edades&hellip;  <a href=\"https:\/\/agora.xtec.cat\/zer-les-salines\/portada\/olimpic-emporda-2023\/\" title=\"Read Ol\u00edmpic Empord\u00e0 2023\">Llegeix m\u00e9s\u00bb<\/a><\/p>\n","protected":false},"author":3,"featured_media":2440,"comment_status":"open","ping_status":"closed","sticky":false,"template":"","format":"standard","meta":{"_bbp_topic_count":0,"_bbp_reply_count":0,"_bbp_total_topic_count":0,"_bbp_total_reply_count":0,"_bbp_voice_count":0,"_bbp_anonymous_reply_count":0,"_bbp_topic_count_hidden":0,"_bbp_reply_count_hidden":0,"_bbp_forum_subforum_count":0,"footnotes":""},"categories":[125,120,29],"tags":[225,506,224,512],"class_list":["post-2439","post","type-post","status-publish","format-standard","has-post-thumbnail","hentry","category-activitatszer","category-ef","category-portada","tag-atletisme","tag-curs-23-24","tag-educacio-fisica","tag-mini-olimpiades"],"post_mailing_queue_ids":[],"_links":{"self":[{"href":"https:\/\/agora.xtec.cat\/zer-les-salines\/wp-json\/wp\/v2\/posts\/2439","targetHints":{"allow":["GET"]}}],"collection":[{"href":"https:\/\/agora.xtec.cat\/zer-les-salines\/wp-json\/wp\/v2\/posts"}],"about":[{"href":"https:\/\/agora.xtec.cat\/zer-les-salines\/wp-json\/wp\/v2\/types\/post"}],"author":[{"embeddable":true,"href":"https:\/\/agora.xtec.cat\/zer-les-salines\/wp-json\/wp\/v2\/users\/3"}],"replies":[{"embeddable":true,"href":"https:\/\/agora.xtec.cat\/zer-les-salines\/wp-json\/wp\/v2\/comments?post=2439"}],"version-history":[{"count":1,"href":"https:\/\/agora.xtec.cat\/zer-les-salines\/wp-json\/wp\/v2\/posts\/2439\/revisions"}],"predecessor-version":[{"id":2441,"href":"https:\/\/agora.xtec.cat\/zer-les-salines\/wp-json\/wp\/v2\/posts\/2439\/revisions\/2441"}],"wp:featuredmedia":[{"embeddable":true,"href":"https:\/\/agora.xtec.cat\/zer-les-salines\/wp-json\/wp\/v2\/media\/2440"}],"wp:attachment":[{"href":"https:\/\/agora.xtec.cat\/zer-les-salines\/wp-json\/wp\/v2\/media?parent=2439"}],"wp:term":[{"taxonomy":"category","embeddable":true,"href":"https:\/\/agora.xtec.cat\/zer-les-salines\/wp-json\/wp\/v2\/categories?post=2439"},{"taxonomy":"post_tag","embeddable":true,"href":"https:\/\/agora.xtec.cat\/zer-les-salines\/wp-json\/wp\/v2\/tags?post=2439"}],"curies":[{"name":"wp","href":"https:\/\/api.w.org\/{rel}","templated":true}]}}