{"id":2424,"date":"2023-11-16T07:14:19","date_gmt":"2023-11-16T06:14:19","guid":{"rendered":"https:\/\/agora.xtec.cat\/zer-les-salines\/?p=2424"},"modified":"2023-11-16T07:17:47","modified_gmt":"2023-11-16T06:17:47","slug":"eleccions-al-consell-escolar","status":"publish","type":"post","link":"https:\/\/agora.xtec.cat\/zer-les-salines\/general\/eleccions-al-consell-escolar\/","title":{"rendered":"Eleccions al Consell Escolar"},"content":{"rendered":"<p>&nbsp;<\/p>\n<p><a href=\"https:\/\/agora.xtec.cat\/zer-les-salines\/wp-content\/uploads\/usu1080\/2023\/11\/Captura-de-Pantalla-2023-11-16-a-les-7.11.26.png\"><img loading=\"lazy\" decoding=\"async\" class=\"wp-image-2434 alignright\" src=\"https:\/\/agora.xtec.cat\/zer-les-salines\/wp-content\/uploads\/usu1080\/2023\/11\/Captura-de-Pantalla-2023-11-16-a-les-7.11.26.png\" alt=\"\" width=\"474\" height=\"463\" \/><\/a><\/p>\n<p>&nbsp;<\/p>\n<p>Aquest curs hi ha eleccions i cal renovar els <strong>representants de les fam\u00edlies<\/strong> de les tres escoles de la ZER. Us animem a participar!<\/p>\n<p>Consulteu les candidatures i el dia de votaci\u00f3 a la vostra escola.<\/p>\n<p>El <strong>Consell Escolar<\/strong> \u00e9s l\u2019\u00f2rgan de participaci\u00f3 en el control i la gesti\u00f3 de centres, en el qual hi participen tots els sectors de la comunitat educativa. <a href=\"https:\/\/educacio.gencat.cat\/ca\/arees-actuacio\/centres-serveis-educatius\/centres\/consells-escolars-centres\/\" target=\"_blank\" rel=\"noopener\">Aqu\u00ed trobareu m\u00e9s informaci\u00f3 publicada pel Departament d&#8217;Educaci\u00f3.<\/a><\/p>\n<p>&nbsp;<\/p>\n<p>&nbsp;<\/p>\n<p>&nbsp;<\/p>\n","protected":false},"excerpt":{"rendered":"<p>Aquest curs hi ha eleccions i cal renovar els representants de les fam\u00edlies de les tres escoles. Us animem a participar!&hellip;  <a href=\"https:\/\/agora.xtec.cat\/zer-les-salines\/general\/eleccions-al-consell-escolar\/\" title=\"Read Eleccions al Consell Escolar\">Llegeix m\u00e9s\u00bb<\/a><\/p>\n","protected":false},"author":1,"featured_media":2434,"comment_status":"open","ping_status":"closed","sticky":false,"template":"","format":"standard","meta":{"_bbp_topic_count":0,"_bbp_reply_count":0,"_bbp_total_topic_count":0,"_bbp_total_reply_count":0,"_bbp_voice_count":0,"_bbp_anonymous_reply_count":0,"_bbp_topic_count_hidden":0,"_bbp_reply_count_hidden":0,"_bbp_forum_subforum_count":0,"footnotes":""},"categories":[1,29],"tags":[],"class_list":["post-2424","post","type-post","status-publish","format-standard","has-post-thumbnail","hentry","category-general","category-portada"],"post_mailing_queue_ids":[],"_links":{"self":[{"href":"https:\/\/agora.xtec.cat\/zer-les-salines\/wp-json\/wp\/v2\/posts\/2424","targetHints":{"allow":["GET"]}}],"collection":[{"href":"https:\/\/agora.xtec.cat\/zer-les-salines\/wp-json\/wp\/v2\/posts"}],"about":[{"href":"https:\/\/agora.xtec.cat\/zer-les-salines\/wp-json\/wp\/v2\/types\/post"}],"author":[{"embeddable":true,"href":"https:\/\/agora.xtec.cat\/zer-les-salines\/wp-json\/wp\/v2\/users\/1"}],"replies":[{"embeddable":true,"href":"https:\/\/agora.xtec.cat\/zer-les-salines\/wp-json\/wp\/v2\/comments?post=2424"}],"version-history":[{"count":6,"href":"https:\/\/agora.xtec.cat\/zer-les-salines\/wp-json\/wp\/v2\/posts\/2424\/revisions"}],"predecessor-version":[{"id":2438,"href":"https:\/\/agora.xtec.cat\/zer-les-salines\/wp-json\/wp\/v2\/posts\/2424\/revisions\/2438"}],"wp:featuredmedia":[{"embeddable":true,"href":"https:\/\/agora.xtec.cat\/zer-les-salines\/wp-json\/wp\/v2\/media\/2434"}],"wp:attachment":[{"href":"https:\/\/agora.xtec.cat\/zer-les-salines\/wp-json\/wp\/v2\/media?parent=2424"}],"wp:term":[{"taxonomy":"category","embeddable":true,"href":"https:\/\/agora.xtec.cat\/zer-les-salines\/wp-json\/wp\/v2\/categories?post=2424"},{"taxonomy":"post_tag","embeddable":true,"href":"https:\/\/agora.xtec.cat\/zer-les-salines\/wp-json\/wp\/v2\/tags?post=2424"}],"curies":[{"name":"wp","href":"https:\/\/api.w.org\/{rel}","templated":true}]}}