{"id":2402,"date":"2023-10-26T13:41:34","date_gmt":"2023-10-26T11:41:34","guid":{"rendered":"https:\/\/agora.xtec.cat\/zer-les-salines\/?p=2402"},"modified":"2023-10-26T13:41:34","modified_gmt":"2023-10-26T11:41:34","slug":"castanyalloween","status":"publish","type":"post","link":"https:\/\/agora.xtec.cat\/zer-les-salines\/portada\/castanyalloween\/","title":{"rendered":"Castanyalloween"},"content":{"rendered":"<p>Benvolguts i benvolgudes!<\/p>\n<p>El dissabte 4 de novembre l&#8217;AMPA de l&#8217;escola Manuel de Pedrolo (Biure) organitza el &#8220;Castanyalloween&#8221;. Hi haur\u00e0 recollida de <strong>llaminadures<\/strong> porta a porta i un <strong>sopar<\/strong> terror\u00edfic (venda de tiquets avui dijous 26 i dem\u00e0 divendres 27 de 18h a 19h a la sala de Biure).<\/p>\n<p><a href=\"https:\/\/agora.xtec.cat\/zer-les-salines\/wp-content\/uploads\/usu1080\/2023\/10\/PHOTO-2023-10-26-09-26-59.jpg\"><img loading=\"lazy\" decoding=\"async\" class=\"aligncenter size-full wp-image-2403\" src=\"https:\/\/agora.xtec.cat\/zer-les-salines\/wp-content\/uploads\/usu1080\/2023\/10\/PHOTO-2023-10-26-09-26-59.jpg\" alt=\"cartell terror\u00edfic anunciant la festa de castanyalloween\" width=\"1200\" height=\"1600\" srcset=\"https:\/\/agora.xtec.cat\/zer-les-salines\/wp-content\/uploads\/usu1080\/2023\/10\/PHOTO-2023-10-26-09-26-59.jpg 1200w, https:\/\/agora.xtec.cat\/zer-les-salines\/wp-content\/uploads\/usu1080\/2023\/10\/PHOTO-2023-10-26-09-26-59-225x300.jpg 225w, https:\/\/agora.xtec.cat\/zer-les-salines\/wp-content\/uploads\/usu1080\/2023\/10\/PHOTO-2023-10-26-09-26-59-768x1024.jpg 768w, https:\/\/agora.xtec.cat\/zer-les-salines\/wp-content\/uploads\/usu1080\/2023\/10\/PHOTO-2023-10-26-09-26-59-1152x1536.jpg 1152w\" sizes=\"auto, (max-width: 1200px) 100vw, 1200px\" \/><\/a><\/p>\n","protected":false},"excerpt":{"rendered":"<p>Benvolguts i benvolgudes!<br \/>\nEl dissabte 4 de novembre l&#8217;AMPA de l&#8217;escola Manuel de Pedrolo (Biure) organitza el &#8220;Castanyalloween&#8221;. Hi haur\u00e0 recollida de llaminadures porta a porta i un sopar terror\u00edfic (venda de tiquets avui dijous 26 i dem\u00e0 divendres 27 de 18h a 19h a la&hellip;  <a href=\"https:\/\/agora.xtec.cat\/zer-les-salines\/portada\/castanyalloween\/\" title=\"Read Castanyalloween\">Llegeix m\u00e9s\u00bb<\/a><\/p>\n","protected":false},"author":1,"featured_media":2403,"comment_status":"open","ping_status":"closed","sticky":false,"template":"","format":"standard","meta":{"_bbp_topic_count":0,"_bbp_reply_count":0,"_bbp_total_topic_count":0,"_bbp_total_reply_count":0,"_bbp_voice_count":0,"_bbp_anonymous_reply_count":0,"_bbp_topic_count_hidden":0,"_bbp_reply_count_hidden":0,"_bbp_forum_subforum_count":0,"footnotes":""},"categories":[227,29],"tags":[410,190,209,506,401],"class_list":["post-2402","post","type-post","status-publish","format-standard","has-post-thumbnail","hentry","category-families","category-portada","tag-ampa","tag-biure","tag-castanyada","tag-curs-23-24","tag-halloween"],"post_mailing_queue_ids":[],"_links":{"self":[{"href":"https:\/\/agora.xtec.cat\/zer-les-salines\/wp-json\/wp\/v2\/posts\/2402","targetHints":{"allow":["GET"]}}],"collection":[{"href":"https:\/\/agora.xtec.cat\/zer-les-salines\/wp-json\/wp\/v2\/posts"}],"about":[{"href":"https:\/\/agora.xtec.cat\/zer-les-salines\/wp-json\/wp\/v2\/types\/post"}],"author":[{"embeddable":true,"href":"https:\/\/agora.xtec.cat\/zer-les-salines\/wp-json\/wp\/v2\/users\/1"}],"replies":[{"embeddable":true,"href":"https:\/\/agora.xtec.cat\/zer-les-salines\/wp-json\/wp\/v2\/comments?post=2402"}],"version-history":[{"count":1,"href":"https:\/\/agora.xtec.cat\/zer-les-salines\/wp-json\/wp\/v2\/posts\/2402\/revisions"}],"predecessor-version":[{"id":2404,"href":"https:\/\/agora.xtec.cat\/zer-les-salines\/wp-json\/wp\/v2\/posts\/2402\/revisions\/2404"}],"wp:featuredmedia":[{"embeddable":true,"href":"https:\/\/agora.xtec.cat\/zer-les-salines\/wp-json\/wp\/v2\/media\/2403"}],"wp:attachment":[{"href":"https:\/\/agora.xtec.cat\/zer-les-salines\/wp-json\/wp\/v2\/media?parent=2402"}],"wp:term":[{"taxonomy":"category","embeddable":true,"href":"https:\/\/agora.xtec.cat\/zer-les-salines\/wp-json\/wp\/v2\/categories?post=2402"},{"taxonomy":"post_tag","embeddable":true,"href":"https:\/\/agora.xtec.cat\/zer-les-salines\/wp-json\/wp\/v2\/tags?post=2402"}],"curies":[{"name":"wp","href":"https:\/\/api.w.org\/{rel}","templated":true}]}}