{"id":2367,"date":"2023-06-22T08:13:58","date_gmt":"2023-06-22T06:13:58","guid":{"rendered":"https:\/\/agora.xtec.cat\/zer-les-salines\/?p=2367"},"modified":"2023-06-22T08:13:58","modified_gmt":"2023-06-22T06:13:58","slug":"valoracio-final-de-curs","status":"publish","type":"post","link":"https:\/\/agora.xtec.cat\/zer-les-salines\/portada\/valoracio-final-de-curs\/","title":{"rendered":"Valoraci\u00f3 final de curs"},"content":{"rendered":"<p>Benvolgudes fam\u00edlies,<\/p>\n<p>Ens dirigim a vosaltres, perqu\u00e8 avui \u00e9s l&#8217;\u00faltim dia d&#8217;escola dels vostres fills i filles i abans de tancar el curs us voldr\u00edem demanar la vostra col\u00b7laboraci\u00f3 en un important proc\u00e9s de valoraci\u00f3. Ens agradaria recollir les vostres opinions i reflexions sobre l&#8217;experi\u00e8ncia del vostre fill o filla durant aquest curs.<\/p>\n<p>Amb l&#8217;objectiu de millorar cont\u00ednuament la nostra tasca educativa i adaptar-nos a les necessitats dels nens i nenes, us convidem a contestar, els que encara no ho heu fet, el formulari de valoraci\u00f3 de final de curs que us facilitem. Aquesta enquesta \u00e9s an\u00f2nima i les vostres respostes seran tractades de manera confidencial.<\/p>\n<p>Les vostres aportacions s\u00f3n essencials per a nosaltres. Ens ajudaran a identificar els nostres punts forts i febles, i a prendre decisions informades per oferir una educaci\u00f3 de qualitat. Valorarem molt\u00edssim el vostre temps i esfor\u00e7 per a completar el formulari.<\/p>\n<p>Per facilitar el proc\u00e9s, us convidem a respondre els formularis en l\u00ednia a trav\u00e9s del seg\u00fcent enlla\u00e7:<\/p>\n<div>&#8211;<a href=\"https:\/\/forms.gle\/9df2CB9e2oNYMrrP8\" target=\"_blank\" rel=\"noopener\" data-saferedirecturl=\"https:\/\/www.google.com\/url?q=https:\/\/forms.gle\/9df2CB9e2oNYMrrP8&amp;source=gmail&amp;ust=1687499839309000&amp;usg=AOvVaw0fmITqnym1XfofxswSwJKH\">\u00a0<span class=\"il\">Formulari<\/span>\u00a0valoraci\u00f3\u00a0general 22-23<\/a>\u00a0(nom\u00e9s cal omplir-lo una vegada).<\/div>\n<div>&#8211;\u00a0<a href=\"https:\/\/forms.gle\/L76K8koHNNUP1v3n9\" target=\"_blank\" rel=\"noopener\" data-saferedirecturl=\"https:\/\/www.google.com\/url?q=https:\/\/forms.gle\/L76K8koHNNUP1v3n9&amp;source=gmail&amp;ust=1687499839309000&amp;usg=AOvVaw2Rl2n959a6HfVy_dH_oSOi\"><span class=\"il\">Formulari<\/span>\u00a0valoraci\u00f3\u00a0d&#8217;<wbr \/>aspectes personals<\/a>\u00a0(cal omplir un\u00a0<span class=\"il\">formulari<\/span> per cada fill o filla que tingueu).<\/div>\n<div><\/div>\n<p>Aprofitem l&#8217;ocasi\u00f3 per agrair-vos la confian\u00e7a dipositada en l&#8217;equip docent de la ZER Les Salines.<\/p>\n<p>Si teniu alguna pregunta, no dubteu a posar-vos en contacte amb nosaltres. Estem aqu\u00ed per ajudar-vos.<\/p>\n<p>Cordialment,<\/p>\n<p>Equip directiu de ZER<\/p>\n","protected":false},"excerpt":{"rendered":"<p>Benvolgudes fam\u00edlies,<br \/>\nEns dirigim a vosaltres, perqu\u00e8 avui \u00e9s l&#8217;\u00faltim dia d&#8217;escola dels vostres fills i filles i abans de tancar el curs us voldr\u00edem demanar la vostra col\u00b7laboraci\u00f3 en un important proc\u00e9s de valoraci\u00f3. Ens agradaria recollir les vostres opinions i reflexions sobre l&#8217;experi\u00e8ncia del&hellip;  <a href=\"https:\/\/agora.xtec.cat\/zer-les-salines\/portada\/valoracio-final-de-curs\/\" title=\"Read Valoraci\u00f3 final de curs\">Llegeix m\u00e9s\u00bb<\/a><\/p>\n","protected":false},"author":1,"featured_media":2368,"comment_status":"open","ping_status":"closed","sticky":false,"template":"","format":"standard","meta":{"_bbp_topic_count":0,"_bbp_reply_count":0,"_bbp_total_topic_count":0,"_bbp_total_reply_count":0,"_bbp_voice_count":0,"_bbp_anonymous_reply_count":0,"_bbp_topic_count_hidden":0,"_bbp_reply_count_hidden":0,"_bbp_forum_subforum_count":0,"footnotes":""},"categories":[227,29],"tags":[355,496,497],"class_list":["post-2367","post","type-post","status-publish","format-standard","has-post-thumbnail","hentry","category-families","category-portada","tag-curs-22-23","tag-formularis","tag-valoracio"],"post_mailing_queue_ids":[],"_links":{"self":[{"href":"https:\/\/agora.xtec.cat\/zer-les-salines\/wp-json\/wp\/v2\/posts\/2367","targetHints":{"allow":["GET"]}}],"collection":[{"href":"https:\/\/agora.xtec.cat\/zer-les-salines\/wp-json\/wp\/v2\/posts"}],"about":[{"href":"https:\/\/agora.xtec.cat\/zer-les-salines\/wp-json\/wp\/v2\/types\/post"}],"author":[{"embeddable":true,"href":"https:\/\/agora.xtec.cat\/zer-les-salines\/wp-json\/wp\/v2\/users\/1"}],"replies":[{"embeddable":true,"href":"https:\/\/agora.xtec.cat\/zer-les-salines\/wp-json\/wp\/v2\/comments?post=2367"}],"version-history":[{"count":1,"href":"https:\/\/agora.xtec.cat\/zer-les-salines\/wp-json\/wp\/v2\/posts\/2367\/revisions"}],"predecessor-version":[{"id":2369,"href":"https:\/\/agora.xtec.cat\/zer-les-salines\/wp-json\/wp\/v2\/posts\/2367\/revisions\/2369"}],"wp:featuredmedia":[{"embeddable":true,"href":"https:\/\/agora.xtec.cat\/zer-les-salines\/wp-json\/wp\/v2\/media\/2368"}],"wp:attachment":[{"href":"https:\/\/agora.xtec.cat\/zer-les-salines\/wp-json\/wp\/v2\/media?parent=2367"}],"wp:term":[{"taxonomy":"category","embeddable":true,"href":"https:\/\/agora.xtec.cat\/zer-les-salines\/wp-json\/wp\/v2\/categories?post=2367"},{"taxonomy":"post_tag","embeddable":true,"href":"https:\/\/agora.xtec.cat\/zer-les-salines\/wp-json\/wp\/v2\/tags?post=2367"}],"curies":[{"name":"wp","href":"https:\/\/api.w.org\/{rel}","templated":true}]}}