{"id":2364,"date":"2023-06-18T18:00:20","date_gmt":"2023-06-18T16:00:20","guid":{"rendered":"https:\/\/agora.xtec.cat\/zer-les-salines\/?p=2364"},"modified":"2023-06-17T11:37:30","modified_gmt":"2023-06-17T09:37:30","slug":"fem-un-cim-pic-de-laliga","status":"publish","type":"post","link":"https:\/\/agora.xtec.cat\/zer-les-salines\/portada\/fem-un-cim-pic-de-laliga\/","title":{"rendered":"Fem un cim: Pic de l&#8217;\u00c0liga"},"content":{"rendered":"<p>El dia 2 de juny l&#8217;alumnat de 4t i cicle superior de la ZER van anar a fer la sortida &#8220;Fem un cim&#8221;. Aquest any es va pujar el Pic de l&#8217;\u00c0liga de la Vall de N\u00faria.<\/p>\n<p>En els seg\u00fcents enlla\u00e7os teniu les fotografies i el v\u00eddeo del reportatge:<\/p>\n<ul>\n<li><a href=\"https:\/\/drive.google.com\/drive\/folders\/1lElM5CxTPqpFyZpiGbzsj9BWhq_hm5Xl?usp=sharing\">Fotografies<\/a><\/li>\n<li><a href=\"https:\/\/drive.google.com\/file\/d\/1GjdM5KghvqmKFRxfK5tFJmJiqAjSE95r\/view?usp=sharing\">Reportatge<\/a><\/li>\n<\/ul>\n","protected":false},"excerpt":{"rendered":"<p>El dia 2 de juny l&#8217;alumnat de 4t i cicle superior de la ZER van anar a fer la sortida &#8220;Fem un cim&#8221;. Aquest any es va pujar el Pic de l&#8217;\u00c0liga de la Vall de N\u00faria.<br \/>\nEn els seg\u00fcents enlla\u00e7os teniu les fotografies i el&hellip;  <a href=\"https:\/\/agora.xtec.cat\/zer-les-salines\/portada\/fem-un-cim-pic-de-laliga\/\" title=\"Read Fem un cim: Pic de l&#8217;\u00c0liga\">Llegeix m\u00e9s\u00bb<\/a><\/p>\n","protected":false},"author":1,"featured_media":2365,"comment_status":"open","ping_status":"closed","sticky":false,"template":"","format":"standard","meta":{"_bbp_topic_count":0,"_bbp_reply_count":0,"_bbp_total_topic_count":0,"_bbp_total_reply_count":0,"_bbp_voice_count":0,"_bbp_anonymous_reply_count":0,"_bbp_topic_count_hidden":0,"_bbp_reply_count_hidden":0,"_bbp_forum_subforum_count":0,"footnotes":""},"categories":[125,120,29],"tags":[355,202,495],"class_list":["post-2364","post","type-post","status-publish","format-standard","has-post-thumbnail","hentry","category-activitatszer","category-ef","category-portada","tag-curs-22-23","tag-fem-un-cim","tag-pic-de-laliga"],"post_mailing_queue_ids":[],"_links":{"self":[{"href":"https:\/\/agora.xtec.cat\/zer-les-salines\/wp-json\/wp\/v2\/posts\/2364","targetHints":{"allow":["GET"]}}],"collection":[{"href":"https:\/\/agora.xtec.cat\/zer-les-salines\/wp-json\/wp\/v2\/posts"}],"about":[{"href":"https:\/\/agora.xtec.cat\/zer-les-salines\/wp-json\/wp\/v2\/types\/post"}],"author":[{"embeddable":true,"href":"https:\/\/agora.xtec.cat\/zer-les-salines\/wp-json\/wp\/v2\/users\/1"}],"replies":[{"embeddable":true,"href":"https:\/\/agora.xtec.cat\/zer-les-salines\/wp-json\/wp\/v2\/comments?post=2364"}],"version-history":[{"count":1,"href":"https:\/\/agora.xtec.cat\/zer-les-salines\/wp-json\/wp\/v2\/posts\/2364\/revisions"}],"predecessor-version":[{"id":2366,"href":"https:\/\/agora.xtec.cat\/zer-les-salines\/wp-json\/wp\/v2\/posts\/2364\/revisions\/2366"}],"wp:featuredmedia":[{"embeddable":true,"href":"https:\/\/agora.xtec.cat\/zer-les-salines\/wp-json\/wp\/v2\/media\/2365"}],"wp:attachment":[{"href":"https:\/\/agora.xtec.cat\/zer-les-salines\/wp-json\/wp\/v2\/media?parent=2364"}],"wp:term":[{"taxonomy":"category","embeddable":true,"href":"https:\/\/agora.xtec.cat\/zer-les-salines\/wp-json\/wp\/v2\/categories?post=2364"},{"taxonomy":"post_tag","embeddable":true,"href":"https:\/\/agora.xtec.cat\/zer-les-salines\/wp-json\/wp\/v2\/tags?post=2364"}],"curies":[{"name":"wp","href":"https:\/\/api.w.org\/{rel}","templated":true}]}}