{"id":2362,"date":"2023-06-18T09:00:43","date_gmt":"2023-06-18T07:00:43","guid":{"rendered":"https:\/\/agora.xtec.cat\/zer-les-salines\/?p=2362"},"modified":"2023-06-17T11:23:39","modified_gmt":"2023-06-17T09:23:39","slug":"cantem-cantem-3","status":"publish","type":"post","link":"https:\/\/agora.xtec.cat\/zer-les-salines\/portada\/cantem-cantem-3\/","title":{"rendered":"Cantem? Cantem!"},"content":{"rendered":"<p>Bon dia!<\/p>\n<p>El dia 23 de maig a La Jonquera es van trobar l&#8217;escola de La Jonquera, la ZER Requesens i la ZER Les Salines per fer el concert del Cantem?Cantem! amb la col\u00b7laboraci\u00f3 dels professors\/es de l&#8217;escola de m\u00fasica de La Jonquera.<\/p>\n<p>En el seg\u00fcent enlla\u00e7 podreu veure la gravaci\u00f3 del concert: <a href=\"https:\/\/drive.google.com\/file\/d\/1KDZtgpd5vYuGlyiQ0Z45QNrBLSoUQ_Jn\/view?usp=sharing\">Concert Cantem?Cantem!<\/a><\/p>\n<p>&nbsp;<\/p>\n<p><sup>Recordeu que per poder visualitzar el v\u00eddeo haureu d&#8217;accedir amb <strong>l&#8217;usuari i contrasenya de zerlessalines.cat<\/strong> del vostre fill o de la vostra filla.\u00a0<\/sup><\/p>\n","protected":false},"excerpt":{"rendered":"<p>Bon dia!<br \/>\nEl dia 23 de maig a La Jonquera es van trobar l&#8217;escola de La Jonquera, la ZER Requesens i la ZER Les Salines per fer el concert del Cantem?Cantem! amb la col\u00b7laboraci\u00f3 dels professors\/es de l&#8217;escola de m\u00fasica de La Jonquera.<br \/>\nEn el seg\u00fcent enlla\u00e7&hellip;  <a href=\"https:\/\/agora.xtec.cat\/zer-les-salines\/portada\/cantem-cantem-3\/\" title=\"Read Cantem? Cantem!\">Llegeix m\u00e9s\u00bb<\/a><\/p>\n","protected":false},"author":1,"featured_media":2344,"comment_status":"open","ping_status":"closed","sticky":false,"template":"","format":"standard","meta":{"_bbp_topic_count":0,"_bbp_reply_count":0,"_bbp_total_topic_count":0,"_bbp_total_reply_count":0,"_bbp_voice_count":0,"_bbp_anonymous_reply_count":0,"_bbp_topic_count_hidden":0,"_bbp_reply_count_hidden":0,"_bbp_forum_subforum_count":0,"footnotes":""},"categories":[125,121,29],"tags":[489,355],"class_list":["post-2362","post","type-post","status-publish","format-standard","has-post-thumbnail","hentry","category-activitatszer","category-ea","category-portada","tag-cantemcantem","tag-curs-22-23"],"post_mailing_queue_ids":[],"_links":{"self":[{"href":"https:\/\/agora.xtec.cat\/zer-les-salines\/wp-json\/wp\/v2\/posts\/2362","targetHints":{"allow":["GET"]}}],"collection":[{"href":"https:\/\/agora.xtec.cat\/zer-les-salines\/wp-json\/wp\/v2\/posts"}],"about":[{"href":"https:\/\/agora.xtec.cat\/zer-les-salines\/wp-json\/wp\/v2\/types\/post"}],"author":[{"embeddable":true,"href":"https:\/\/agora.xtec.cat\/zer-les-salines\/wp-json\/wp\/v2\/users\/1"}],"replies":[{"embeddable":true,"href":"https:\/\/agora.xtec.cat\/zer-les-salines\/wp-json\/wp\/v2\/comments?post=2362"}],"version-history":[{"count":1,"href":"https:\/\/agora.xtec.cat\/zer-les-salines\/wp-json\/wp\/v2\/posts\/2362\/revisions"}],"predecessor-version":[{"id":2363,"href":"https:\/\/agora.xtec.cat\/zer-les-salines\/wp-json\/wp\/v2\/posts\/2362\/revisions\/2363"}],"wp:featuredmedia":[{"embeddable":true,"href":"https:\/\/agora.xtec.cat\/zer-les-salines\/wp-json\/wp\/v2\/media\/2344"}],"wp:attachment":[{"href":"https:\/\/agora.xtec.cat\/zer-les-salines\/wp-json\/wp\/v2\/media?parent=2362"}],"wp:term":[{"taxonomy":"category","embeddable":true,"href":"https:\/\/agora.xtec.cat\/zer-les-salines\/wp-json\/wp\/v2\/categories?post=2362"},{"taxonomy":"post_tag","embeddable":true,"href":"https:\/\/agora.xtec.cat\/zer-les-salines\/wp-json\/wp\/v2\/tags?post=2362"}],"curies":[{"name":"wp","href":"https:\/\/api.w.org\/{rel}","templated":true}]}}