{"id":2359,"date":"2023-06-17T11:16:37","date_gmt":"2023-06-17T09:16:37","guid":{"rendered":"https:\/\/agora.xtec.cat\/zer-les-salines\/?p=2359"},"modified":"2023-06-17T11:16:37","modified_gmt":"2023-06-17T09:16:37","slug":"colonies-ei-ci-i-cm-cs","status":"publish","type":"post","link":"https:\/\/agora.xtec.cat\/zer-les-salines\/portada\/colonies-ei-ci-i-cm-cs\/","title":{"rendered":"Col\u00f2nies EI\/CI i CM\/CS"},"content":{"rendered":"<p>El passat mes de maig les nenes i els nens d&#8217;educaci\u00f3 infantil i cicle inicial van anar de col\u00f2nies a &#8220;La granja&#8221; a Santa Maria de Palautordera. I els nens i les nenes de cicle mitj\u00e0 i cicle superior van anar a Ca n&#8217;Oliver a Pont\u00f3s.<\/p>\n<p>Us deixem el recull de fotografies: <a href=\"https:\/\/drive.google.com\/drive\/folders\/1uXrtRBPty07nRI2xIt2geWw0_T6MsIAg?usp=sharing\">Col\u00f2nies EI\/CI<\/a> &#8211; <a href=\"https:\/\/drive.google.com\/drive\/folders\/1YJuKT63xpVQL01hYzCHHsr0LLTRgrL35?usp=sharing\">Col\u00f2nies CM\/CS<\/a><\/p>\n<p>&nbsp;<\/p>\n<p>&nbsp;<\/p>\n<p><sup>Recordeu que per poder visualitzar les fotografies heu d&#8217;accedir amb <strong>l&#8217;usuari i contrasenya<\/strong> del compte <strong>zerlessalines.cat<\/strong> del vostre fill\/a<\/sup><\/p>\n","protected":false},"excerpt":{"rendered":"<p>El passat mes de maig les nenes i els nens d&#8217;educaci\u00f3 infantil i cicle inicial van anar de col\u00f2nies a &#8220;La granja&#8221; a Santa Maria de Palautordera. I els nens i les nenes de cicle mitj\u00e0 i cicle superior van anar a Ca n&#8217;Oliver a&hellip;  <a href=\"https:\/\/agora.xtec.cat\/zer-les-salines\/portada\/colonies-ei-ci-i-cm-cs\/\" title=\"Read Col\u00f2nies EI\/CI i CM\/CS\">Llegeix m\u00e9s\u00bb<\/a><\/p>\n","protected":false},"author":1,"featured_media":2360,"comment_status":"open","ping_status":"closed","sticky":false,"template":"","format":"standard","meta":{"_bbp_topic_count":0,"_bbp_reply_count":0,"_bbp_total_topic_count":0,"_bbp_total_reply_count":0,"_bbp_voice_count":0,"_bbp_anonymous_reply_count":0,"_bbp_topic_count_hidden":0,"_bbp_reply_count_hidden":0,"_bbp_forum_subforum_count":0,"footnotes":""},"categories":[125,29],"tags":[391,392,494,355],"class_list":["post-2359","post","type-post","status-publish","format-standard","has-post-thumbnail","hentry","category-activitatszer","category-portada","tag-colonies","tag-colonies-cmcs","tag-colonies-ei-ci","tag-curs-22-23"],"post_mailing_queue_ids":[],"_links":{"self":[{"href":"https:\/\/agora.xtec.cat\/zer-les-salines\/wp-json\/wp\/v2\/posts\/2359","targetHints":{"allow":["GET"]}}],"collection":[{"href":"https:\/\/agora.xtec.cat\/zer-les-salines\/wp-json\/wp\/v2\/posts"}],"about":[{"href":"https:\/\/agora.xtec.cat\/zer-les-salines\/wp-json\/wp\/v2\/types\/post"}],"author":[{"embeddable":true,"href":"https:\/\/agora.xtec.cat\/zer-les-salines\/wp-json\/wp\/v2\/users\/1"}],"replies":[{"embeddable":true,"href":"https:\/\/agora.xtec.cat\/zer-les-salines\/wp-json\/wp\/v2\/comments?post=2359"}],"version-history":[{"count":1,"href":"https:\/\/agora.xtec.cat\/zer-les-salines\/wp-json\/wp\/v2\/posts\/2359\/revisions"}],"predecessor-version":[{"id":2361,"href":"https:\/\/agora.xtec.cat\/zer-les-salines\/wp-json\/wp\/v2\/posts\/2359\/revisions\/2361"}],"wp:featuredmedia":[{"embeddable":true,"href":"https:\/\/agora.xtec.cat\/zer-les-salines\/wp-json\/wp\/v2\/media\/2360"}],"wp:attachment":[{"href":"https:\/\/agora.xtec.cat\/zer-les-salines\/wp-json\/wp\/v2\/media?parent=2359"}],"wp:term":[{"taxonomy":"category","embeddable":true,"href":"https:\/\/agora.xtec.cat\/zer-les-salines\/wp-json\/wp\/v2\/categories?post=2359"},{"taxonomy":"post_tag","embeddable":true,"href":"https:\/\/agora.xtec.cat\/zer-les-salines\/wp-json\/wp\/v2\/tags?post=2359"}],"curies":[{"name":"wp","href":"https:\/\/api.w.org\/{rel}","templated":true}]}}