{"id":2346,"date":"2023-06-05T14:08:27","date_gmt":"2023-06-05T12:08:27","guid":{"rendered":"https:\/\/agora.xtec.cat\/zer-les-salines\/?p=2346"},"modified":"2023-06-05T14:09:02","modified_gmt":"2023-06-05T12:09:02","slug":"sortida-biblioteca-de-figueres-i-exposicio-mmaca","status":"publish","type":"post","link":"https:\/\/agora.xtec.cat\/zer-les-salines\/general\/sortida-biblioteca-de-figueres-i-exposicio-mmaca\/","title":{"rendered":"Sortida Biblioteca de Figueres i Exposici\u00f3 MMACA"},"content":{"rendered":"<p dir=\"ltr\">Hola fam\u00edlies!<\/p>\n<p dir=\"ltr\">Aquest trimestre tots els\/les alumnes de l&#8217;escola van anar a visitar i con\u00e8ixer la<strong> Biblioteca Fages de Climent de Figueres<\/strong>. Un cop all\u00e0 ens van explicar les normes, el seu funcionament, el servei de pr\u00e9stec de contes, revistes, c\u00f2mics, pel\u00b7l\u00edcules\u2026 Abans de marxar van poder triar un conte de la zona infantil per poder llegir una estona.<\/p>\n<p dir=\"ltr\">Seguidament, van anar a visitar l&#8217;exposici\u00f3 del <strong>Museu de les Matem\u00e0tiques al castell de Sant Ferran<\/strong>. Van tenir l&#8217;oportunitat experimentar amb diferents jocs matem\u00e0tics: tangrams, polydron gegants, laberints, gratacels petits\u2026 i tamb\u00e9 construir una c\u00fapula!<\/p>\n<p dir=\"ltr\">Qui diu que les matem\u00e0tiques s\u00f3n avorrides? Ha estat una experi\u00e8ncia genial!<\/p>\n<p>&nbsp;<\/p>\n<p dir=\"ltr\">Aqu\u00ed us deixem un recull de <a href=\"https:\/\/drive.google.com\/drive\/folders\/1WVEkwsBBjf41YIzoq6W2lxb7O04wJZPN?usp=sharing\">fotografies.<\/a><\/p>\n","protected":false},"excerpt":{"rendered":"<p>Hola fam\u00edlies!<br \/>\nAquest trimestre tots els\/les alumnes de l&#8217;escola van anar a visitar i con\u00e8ixer la Biblioteca Fages de Climent de Figueres. Un cop all\u00e0 ens van explicar les normes, el seu funcionament, el servei de pr\u00e9stec de contes, revistes, c\u00f2mics, pel\u00b7l\u00edcules\u2026 Abans de marxar van&hellip;  <a href=\"https:\/\/agora.xtec.cat\/zer-les-salines\/general\/sortida-biblioteca-de-figueres-i-exposicio-mmaca\/\" title=\"Read Sortida Biblioteca de Figueres i Exposici\u00f3 MMACA\">Llegeix m\u00e9s\u00bb<\/a><\/p>\n","protected":false},"author":77,"featured_media":0,"comment_status":"open","ping_status":"closed","sticky":false,"template":"","format":"standard","meta":{"_bbp_topic_count":0,"_bbp_reply_count":0,"_bbp_total_topic_count":0,"_bbp_total_reply_count":0,"_bbp_voice_count":0,"_bbp_anonymous_reply_count":0,"_bbp_topic_count_hidden":0,"_bbp_reply_count_hidden":0,"_bbp_forum_subforum_count":0,"footnotes":""},"categories":[114,1,29],"tags":[492,491,246,490],"class_list":["post-2346","post","type-post","status-publish","format-standard","hentry","category-blog-escola-lessalines","category-general","category-portada","tag-biblioteca","tag-castell-de-sant-ferran","tag-les-salines","tag-mates"],"post_mailing_queue_ids":[],"_links":{"self":[{"href":"https:\/\/agora.xtec.cat\/zer-les-salines\/wp-json\/wp\/v2\/posts\/2346","targetHints":{"allow":["GET"]}}],"collection":[{"href":"https:\/\/agora.xtec.cat\/zer-les-salines\/wp-json\/wp\/v2\/posts"}],"about":[{"href":"https:\/\/agora.xtec.cat\/zer-les-salines\/wp-json\/wp\/v2\/types\/post"}],"author":[{"embeddable":true,"href":"https:\/\/agora.xtec.cat\/zer-les-salines\/wp-json\/wp\/v2\/users\/77"}],"replies":[{"embeddable":true,"href":"https:\/\/agora.xtec.cat\/zer-les-salines\/wp-json\/wp\/v2\/comments?post=2346"}],"version-history":[{"count":3,"href":"https:\/\/agora.xtec.cat\/zer-les-salines\/wp-json\/wp\/v2\/posts\/2346\/revisions"}],"predecessor-version":[{"id":2349,"href":"https:\/\/agora.xtec.cat\/zer-les-salines\/wp-json\/wp\/v2\/posts\/2346\/revisions\/2349"}],"wp:attachment":[{"href":"https:\/\/agora.xtec.cat\/zer-les-salines\/wp-json\/wp\/v2\/media?parent=2346"}],"wp:term":[{"taxonomy":"category","embeddable":true,"href":"https:\/\/agora.xtec.cat\/zer-les-salines\/wp-json\/wp\/v2\/categories?post=2346"},{"taxonomy":"post_tag","embeddable":true,"href":"https:\/\/agora.xtec.cat\/zer-les-salines\/wp-json\/wp\/v2\/tags?post=2346"}],"curies":[{"name":"wp","href":"https:\/\/api.w.org\/{rel}","templated":true}]}}