{"id":2342,"date":"2023-05-12T20:01:07","date_gmt":"2023-05-12T18:01:07","guid":{"rendered":"https:\/\/agora.xtec.cat\/zer-les-salines\/?p=2342"},"modified":"2023-05-12T20:01:07","modified_gmt":"2023-05-12T18:01:07","slug":"cantem-cantem-2","status":"publish","type":"post","link":"https:\/\/agora.xtec.cat\/zer-les-salines\/portada\/cantem-cantem-2\/","title":{"rendered":"Cantem? Cantem!"},"content":{"rendered":"<p>Benvolgudes i benvolguts,<\/p>\n<p>El 23 de maig de 2023 es realitzar\u00e0 la sortida\u00a0<span class=\"hiddenGrammarError\">&#8220;<\/span>Cantem<span class=\"hiddenGrammarError\">?Cantem<\/span><span class=\"hiddenGrammarError\">!&#8221; a La <\/span>Jonquera. Us adjuntem el cartell d&#8217;aquest any; el dibuix ha estat\u00a0fet\u00a0per l&#8217;Arlet de l&#8217;escola Santa Cec\u00edlia, aix\u00f2 vol dir, que ha estat el m\u00e9s votat pels nens i nenes de la\u00a0<span class=\"hiddenSpellError\">ZER<\/span>.\u00a0Enhorabona,\u00a0Arlet!<\/p>\n<p>Us hi esperem!<\/p>\n<p><a href=\"https:\/\/agora.xtec.cat\/zer-les-salines\/wp-content\/uploads\/usu1080\/2023\/05\/Cartell-2023-Cla\u0300udia-Sol.pdf\">Cartell 2023 &#8211; Cla\u0300udia Sol<\/a><\/p>\n","protected":false},"excerpt":{"rendered":"<p>Benvolgudes i benvolguts,<br \/>\nEl 23 de maig de 2023 es realitzar\u00e0 la sortida\u00a0&#8220;Cantem?Cantem!&#8221; a La Jonquera. Us adjuntem el cartell d&#8217;aquest any; el dibuix ha estat\u00a0fet\u00a0per l&#8217;Arlet de l&#8217;escola Santa Cec\u00edlia, aix\u00f2 vol dir, que ha estat el m\u00e9s votat pels nens i nenes de la\u00a0ZER.\u00a0Enhorabona,\u00a0Arlet!<br \/>\nUs&hellip;  <a href=\"https:\/\/agora.xtec.cat\/zer-les-salines\/portada\/cantem-cantem-2\/\" title=\"Read Cantem? Cantem!\">Llegeix m\u00e9s\u00bb<\/a><\/p>\n","protected":false},"author":1,"featured_media":2344,"comment_status":"open","ping_status":"closed","sticky":false,"template":"","format":"standard","meta":{"_bbp_topic_count":0,"_bbp_reply_count":0,"_bbp_total_topic_count":0,"_bbp_total_reply_count":0,"_bbp_voice_count":0,"_bbp_anonymous_reply_count":0,"_bbp_topic_count_hidden":0,"_bbp_reply_count_hidden":0,"_bbp_forum_subforum_count":0,"footnotes":""},"categories":[121,227,29],"tags":[489,355,247],"class_list":["post-2342","post","type-post","status-publish","format-standard","has-post-thumbnail","hentry","category-ea","category-families","category-portada","tag-cantemcantem","tag-curs-22-23","tag-musica"],"post_mailing_queue_ids":[],"_links":{"self":[{"href":"https:\/\/agora.xtec.cat\/zer-les-salines\/wp-json\/wp\/v2\/posts\/2342","targetHints":{"allow":["GET"]}}],"collection":[{"href":"https:\/\/agora.xtec.cat\/zer-les-salines\/wp-json\/wp\/v2\/posts"}],"about":[{"href":"https:\/\/agora.xtec.cat\/zer-les-salines\/wp-json\/wp\/v2\/types\/post"}],"author":[{"embeddable":true,"href":"https:\/\/agora.xtec.cat\/zer-les-salines\/wp-json\/wp\/v2\/users\/1"}],"replies":[{"embeddable":true,"href":"https:\/\/agora.xtec.cat\/zer-les-salines\/wp-json\/wp\/v2\/comments?post=2342"}],"version-history":[{"count":1,"href":"https:\/\/agora.xtec.cat\/zer-les-salines\/wp-json\/wp\/v2\/posts\/2342\/revisions"}],"predecessor-version":[{"id":2345,"href":"https:\/\/agora.xtec.cat\/zer-les-salines\/wp-json\/wp\/v2\/posts\/2342\/revisions\/2345"}],"wp:featuredmedia":[{"embeddable":true,"href":"https:\/\/agora.xtec.cat\/zer-les-salines\/wp-json\/wp\/v2\/media\/2344"}],"wp:attachment":[{"href":"https:\/\/agora.xtec.cat\/zer-les-salines\/wp-json\/wp\/v2\/media?parent=2342"}],"wp:term":[{"taxonomy":"category","embeddable":true,"href":"https:\/\/agora.xtec.cat\/zer-les-salines\/wp-json\/wp\/v2\/categories?post=2342"},{"taxonomy":"post_tag","embeddable":true,"href":"https:\/\/agora.xtec.cat\/zer-les-salines\/wp-json\/wp\/v2\/tags?post=2342"}],"curies":[{"name":"wp","href":"https:\/\/api.w.org\/{rel}","templated":true}]}}