{"id":2339,"date":"2023-05-05T18:00:14","date_gmt":"2023-05-05T16:00:14","guid":{"rendered":"https:\/\/agora.xtec.cat\/zer-les-salines\/?p=2339"},"modified":"2023-05-05T16:22:57","modified_gmt":"2023-05-05T14:22:57","slug":"educacio-infantil-al-mar","status":"publish","type":"post","link":"https:\/\/agora.xtec.cat\/zer-les-salines\/portada\/educacio-infantil-al-mar\/","title":{"rendered":"Educaci\u00f3 infantil al mar"},"content":{"rendered":"<p>Benvolguts i benvolgudes,<\/p>\n<p>El passat 27 d&#8217;abril els nens i nenes d&#8217;educaci\u00f3 infantil de la ZER van anar a Llan\u00e7\u00e0 a fer uns tallers, amb les mestres de la ZER, a les platges de Llan\u00e7\u00e0.<\/p>\n<p>Us compartim les <a href=\"https:\/\/drive.google.com\/drive\/folders\/1_7M8vhCCRyGm0lgz3KXjY4MSvcRd0D4K?usp=sharing\">fotografies<\/a> de la sortida.<\/p>\n<p><sup>Recordeu que per poder visualitzar les fotografies heu d&#8217;accedir amb l&#8217;usuari de zerlessalines.cat<\/sup><\/p>\n","protected":false},"excerpt":{"rendered":"<p>Benvolguts i benvolgudes,<br \/>\nEl passat 27 d&#8217;abril els nens i nenes d&#8217;educaci\u00f3 infantil de la ZER van anar a Llan\u00e7\u00e0 a fer uns tallers, amb les mestres de la ZER, a les platges de Llan\u00e7\u00e0.<br \/>\nUs compartim les <a href=\"https:\/\/drive.google.com\/drive\/folders\/1_7M8vhCCRyGm0lgz3KXjY4MSvcRd0D4K?usp=sharing\">fotografies<\/a> de la sortida.<br \/>\nRecordeu que per poder visualitzar&hellip;  <a href=\"https:\/\/agora.xtec.cat\/zer-les-salines\/portada\/educacio-infantil-al-mar\/\" title=\"Read Educaci\u00f3 infantil al mar\">Llegeix m\u00e9s\u00bb<\/a><\/p>\n","protected":false},"author":1,"featured_media":2340,"comment_status":"open","ping_status":"closed","sticky":false,"template":"","format":"standard","meta":{"_bbp_topic_count":0,"_bbp_reply_count":0,"_bbp_total_topic_count":0,"_bbp_total_reply_count":0,"_bbp_voice_count":0,"_bbp_anonymous_reply_count":0,"_bbp_topic_count_hidden":0,"_bbp_reply_count_hidden":0,"_bbp_forum_subforum_count":0,"footnotes":""},"categories":[29],"tags":[],"class_list":["post-2339","post","type-post","status-publish","format-standard","has-post-thumbnail","hentry","category-portada"],"post_mailing_queue_ids":[],"_links":{"self":[{"href":"https:\/\/agora.xtec.cat\/zer-les-salines\/wp-json\/wp\/v2\/posts\/2339","targetHints":{"allow":["GET"]}}],"collection":[{"href":"https:\/\/agora.xtec.cat\/zer-les-salines\/wp-json\/wp\/v2\/posts"}],"about":[{"href":"https:\/\/agora.xtec.cat\/zer-les-salines\/wp-json\/wp\/v2\/types\/post"}],"author":[{"embeddable":true,"href":"https:\/\/agora.xtec.cat\/zer-les-salines\/wp-json\/wp\/v2\/users\/1"}],"replies":[{"embeddable":true,"href":"https:\/\/agora.xtec.cat\/zer-les-salines\/wp-json\/wp\/v2\/comments?post=2339"}],"version-history":[{"count":1,"href":"https:\/\/agora.xtec.cat\/zer-les-salines\/wp-json\/wp\/v2\/posts\/2339\/revisions"}],"predecessor-version":[{"id":2341,"href":"https:\/\/agora.xtec.cat\/zer-les-salines\/wp-json\/wp\/v2\/posts\/2339\/revisions\/2341"}],"wp:featuredmedia":[{"embeddable":true,"href":"https:\/\/agora.xtec.cat\/zer-les-salines\/wp-json\/wp\/v2\/media\/2340"}],"wp:attachment":[{"href":"https:\/\/agora.xtec.cat\/zer-les-salines\/wp-json\/wp\/v2\/media?parent=2339"}],"wp:term":[{"taxonomy":"category","embeddable":true,"href":"https:\/\/agora.xtec.cat\/zer-les-salines\/wp-json\/wp\/v2\/categories?post=2339"},{"taxonomy":"post_tag","embeddable":true,"href":"https:\/\/agora.xtec.cat\/zer-les-salines\/wp-json\/wp\/v2\/tags?post=2339"}],"curies":[{"name":"wp","href":"https:\/\/api.w.org\/{rel}","templated":true}]}}