{"id":2330,"date":"2023-04-20T16:15:55","date_gmt":"2023-04-20T14:15:55","guid":{"rendered":"https:\/\/agora.xtec.cat\/zer-les-salines\/?p=2330"},"modified":"2023-04-20T16:15:55","modified_gmt":"2023-04-20T14:15:55","slug":"trobada-comarcal-desports","status":"publish","type":"post","link":"https:\/\/agora.xtec.cat\/zer-les-salines\/portada\/trobada-comarcal-desports\/","title":{"rendered":"Trobada comarcal d&#8217;esports"},"content":{"rendered":"<p>Benvolguts\/des,<u><\/u><u><\/u><\/p>\n<p>Des del Consell Esportiu de l&#8217;Alt Empord\u00e0, ens fan arribar el cartell de la 4a jornada de <span class=\"il\">les<\/span>\u00a0trobades esportives comarcals.<br \/>\nEn aquest cas, la propera <strong>Trobada\u00a0<\/strong>ser\u00e0 la d&#8217;<strong>Esports Amb Implement<\/strong>\u00a0 (padel, esgrima, tennis, tennis taula, hoquei, b\u00e0dminton i beisbol) que es realitzaran el <strong>dissabte 29 d\u2019abril\u00a0<\/strong>a\u00a0<span class=\"il\">les<\/span>\u00a0instal\u00b7lacions esportives municipals de\u00a0<strong>Vilamalla.<\/strong><u><\/u><u><\/u><\/p>\n<p>Recordeu que<strong>\u00a0la participaci\u00f3 \u00e9s gratu\u00efta<\/strong> i els infants poden anar per lliure sense la necessitat de ser un grup organitzat de l&#8217;<span class=\"il\">escola<\/span>, AFA, o extraescolars. De totes maneres, si \u00e9s possible \u00e9s molt millor que avisin de la seva participaci\u00f3.<\/p>\n<p style=\"font-weight: 400;\">Consell Esportiu de l&#8217;Alt Empord\u00e0<br \/>\nTelf. 655 809 003 &#8211;\u00a0<a href=\"http:\/\/www.cealtemporda.cat\/\" data-saferedirecturl=\"https:\/\/www.google.com\/url?q=http:\/\/www.cealtemporda.cat\/&amp;source=gmail&amp;ust=1682063509780000&amp;usg=AOvVaw0yM7Qc4WCXza7L7SjnKERK\">www.cealtemporda.cat<\/a><\/p>\n<p><a href=\"https:\/\/agora.xtec.cat\/zer-les-salines\/wp-content\/uploads\/usu1080\/2023\/04\/Trobada-Comarcal-dEsports-Amb-Implements-Vilamalla-29.4.23.pdf\">Trobada Comarcal d&#8217;Esports Amb Implements &#8211; Vilamalla- 29.4.23<\/a><\/p>\n","protected":false},"excerpt":{"rendered":"<p>Benvolguts\/des,<br \/>\nDes del Consell Esportiu de l&#8217;Alt Empord\u00e0, ens fan arribar el cartell de la 4a jornada de les\u00a0trobades esportives comarcals.<br \/>\nEn aquest cas, la propera Trobada\u00a0ser\u00e0 la d&#8217;Esports Amb Implement\u00a0 (padel, esgrima, tennis, tennis taula, hoquei, b\u00e0dminton i beisbol) que es realitzaran el dissabte 29 d\u2019abril\u00a0a\u00a0les\u00a0instal\u00b7lacions&hellip;  <a href=\"https:\/\/agora.xtec.cat\/zer-les-salines\/portada\/trobada-comarcal-desports\/\" title=\"Read Trobada comarcal d&#8217;esports\">Llegeix m\u00e9s\u00bb<\/a><\/p>\n","protected":false},"author":3,"featured_media":2332,"comment_status":"open","ping_status":"closed","sticky":false,"template":"","format":"standard","meta":{"_bbp_topic_count":0,"_bbp_reply_count":0,"_bbp_total_topic_count":0,"_bbp_total_reply_count":0,"_bbp_voice_count":0,"_bbp_anonymous_reply_count":0,"_bbp_topic_count_hidden":0,"_bbp_reply_count_hidden":0,"_bbp_forum_subforum_count":0,"footnotes":""},"categories":[120,227,29],"tags":[488,354,355,487],"class_list":["post-2330","post","type-post","status-publish","format-standard","has-post-thumbnail","hentry","category-ef","category-families","category-portada","tag-alt-emporda","tag-consell-esportiu","tag-curs-22-23","tag-esports"],"post_mailing_queue_ids":[],"_links":{"self":[{"href":"https:\/\/agora.xtec.cat\/zer-les-salines\/wp-json\/wp\/v2\/posts\/2330","targetHints":{"allow":["GET"]}}],"collection":[{"href":"https:\/\/agora.xtec.cat\/zer-les-salines\/wp-json\/wp\/v2\/posts"}],"about":[{"href":"https:\/\/agora.xtec.cat\/zer-les-salines\/wp-json\/wp\/v2\/types\/post"}],"author":[{"embeddable":true,"href":"https:\/\/agora.xtec.cat\/zer-les-salines\/wp-json\/wp\/v2\/users\/3"}],"replies":[{"embeddable":true,"href":"https:\/\/agora.xtec.cat\/zer-les-salines\/wp-json\/wp\/v2\/comments?post=2330"}],"version-history":[{"count":1,"href":"https:\/\/agora.xtec.cat\/zer-les-salines\/wp-json\/wp\/v2\/posts\/2330\/revisions"}],"predecessor-version":[{"id":2333,"href":"https:\/\/agora.xtec.cat\/zer-les-salines\/wp-json\/wp\/v2\/posts\/2330\/revisions\/2333"}],"wp:featuredmedia":[{"embeddable":true,"href":"https:\/\/agora.xtec.cat\/zer-les-salines\/wp-json\/wp\/v2\/media\/2332"}],"wp:attachment":[{"href":"https:\/\/agora.xtec.cat\/zer-les-salines\/wp-json\/wp\/v2\/media?parent=2330"}],"wp:term":[{"taxonomy":"category","embeddable":true,"href":"https:\/\/agora.xtec.cat\/zer-les-salines\/wp-json\/wp\/v2\/categories?post=2330"},{"taxonomy":"post_tag","embeddable":true,"href":"https:\/\/agora.xtec.cat\/zer-les-salines\/wp-json\/wp\/v2\/tags?post=2330"}],"curies":[{"name":"wp","href":"https:\/\/api.w.org\/{rel}","templated":true}]}}