{"id":2281,"date":"2023-03-20T13:31:15","date_gmt":"2023-03-20T12:31:15","guid":{"rendered":"https:\/\/agora.xtec.cat\/zer-les-salines\/?p=2281"},"modified":"2023-03-20T15:20:24","modified_gmt":"2023-03-20T14:20:24","slug":"lametller-i-la-mimosa","status":"publish","type":"post","link":"https:\/\/agora.xtec.cat\/zer-les-salines\/general\/lametller-i-la-mimosa\/","title":{"rendered":"L\u2019AMETLLER I LA MIMOSA"},"content":{"rendered":"<p><span style=\"font-weight: 400\">Els dijous a la tarda, els alumnes d\u2019infantil fem sortides per l\u2019entorn proper. Aprofitant aquests dies de sol i de bon temps, hem anat a veure alguns arbres que ja han comen\u00e7at a florir, com s\u00f3n l\u2019ametller i la mimosa.<\/span><\/p>\n<p><span style=\"font-weight: 400\">Pr\u00e8viament, aquests arbres s\u2019han treballat a l\u2019aula a trav\u00e9s de diferents propostes metodol\u00f2giques (dites, imatges, exploraci\u00f3, manualitats pl\u00e0stiques\u2026).<\/span><\/p>\n<p><span style=\"font-weight: 400\">Pel que fa a l\u2019ametller, hem fet observaci\u00f3 del fruit i de la flor i en acabar, hem fet un tast de les ametlles.<\/span><\/p>\n<p><span style=\"font-weight: 400\">Pel que fa a la mimosa, hem observat la flor i l\u2019arbre i hem aprofitat per fer un taller d\u2019olors.<\/span><\/p>\n<p><span style=\"font-weight: 400\">Els\/les alumnes han gaudit d\u2019aquesta experi\u00e8ncia i<a href=\"https:\/\/drive.google.com\/drive\/folders\/14U_YA2nW1dghNe510tpYm1xCW6BFHMb2?usp=share_link\"> aqu\u00ed us deixem el recull de fotos<\/a><\/span><\/p>\n<p><span style=\"font-weight: 400\"><a href=\"https:\/\/drive.google.com\/drive\/folders\/14U_YA2nW1dghNe510tpYm1xCW6BFHMb2?usp=share_link\">.<\/a><a href=\"https:\/\/agora.xtec.cat\/zer-les-salines\/wp-content\/uploads\/usu1080\/2023\/03\/descarga-1.jpg\"><img loading=\"lazy\" decoding=\"async\" class=\" wp-image-2287 aligncenter\" src=\"https:\/\/agora.xtec.cat\/zer-les-salines\/wp-content\/uploads\/usu1080\/2023\/03\/descarga-1.jpg\" alt=\"\" width=\"407\" height=\"214\" srcset=\"https:\/\/agora.xtec.cat\/zer-les-salines\/wp-content\/uploads\/usu1080\/2023\/03\/descarga-1.jpg 310w, https:\/\/agora.xtec.cat\/zer-les-salines\/wp-content\/uploads\/usu1080\/2023\/03\/descarga-1-300x158.jpg 300w\" sizes=\"auto, (max-width: 407px) 100vw, 407px\" \/><\/a><\/span><\/p>\n<p>&nbsp;<\/p>\n<p>&nbsp;<\/p>\n","protected":false},"excerpt":{"rendered":"<p>Els dijous a la tarda, els alumnes d\u2019infantil fem sortides per l\u2019entorn proper. Aprofitant aquests dies de sol i de bon temps, hem anat a veure alguns arbres que ja han comen\u00e7at a florir, com s\u00f3n l\u2019ametller i la mimosa.<br \/>\nPr\u00e8viament, aquests arbres s\u2019han treballat a&hellip;  <a href=\"https:\/\/agora.xtec.cat\/zer-les-salines\/general\/lametller-i-la-mimosa\/\" title=\"Read L\u2019AMETLLER I LA MIMOSA\">Llegeix m\u00e9s\u00bb<\/a><\/p>\n","protected":false},"author":1,"featured_media":0,"comment_status":"open","ping_status":"closed","sticky":false,"template":"","format":"standard","meta":{"_bbp_topic_count":0,"_bbp_reply_count":0,"_bbp_total_topic_count":0,"_bbp_total_reply_count":0,"_bbp_voice_count":0,"_bbp_anonymous_reply_count":0,"_bbp_topic_count_hidden":0,"_bbp_reply_count_hidden":0,"_bbp_forum_subforum_count":0,"footnotes":""},"categories":[1,29],"tags":[],"class_list":["post-2281","post","type-post","status-publish","format-standard","hentry","category-general","category-portada"],"post_mailing_queue_ids":[],"_links":{"self":[{"href":"https:\/\/agora.xtec.cat\/zer-les-salines\/wp-json\/wp\/v2\/posts\/2281","targetHints":{"allow":["GET"]}}],"collection":[{"href":"https:\/\/agora.xtec.cat\/zer-les-salines\/wp-json\/wp\/v2\/posts"}],"about":[{"href":"https:\/\/agora.xtec.cat\/zer-les-salines\/wp-json\/wp\/v2\/types\/post"}],"author":[{"embeddable":true,"href":"https:\/\/agora.xtec.cat\/zer-les-salines\/wp-json\/wp\/v2\/users\/1"}],"replies":[{"embeddable":true,"href":"https:\/\/agora.xtec.cat\/zer-les-salines\/wp-json\/wp\/v2\/comments?post=2281"}],"version-history":[{"count":4,"href":"https:\/\/agora.xtec.cat\/zer-les-salines\/wp-json\/wp\/v2\/posts\/2281\/revisions"}],"predecessor-version":[{"id":2290,"href":"https:\/\/agora.xtec.cat\/zer-les-salines\/wp-json\/wp\/v2\/posts\/2281\/revisions\/2290"}],"wp:attachment":[{"href":"https:\/\/agora.xtec.cat\/zer-les-salines\/wp-json\/wp\/v2\/media?parent=2281"}],"wp:term":[{"taxonomy":"category","embeddable":true,"href":"https:\/\/agora.xtec.cat\/zer-les-salines\/wp-json\/wp\/v2\/categories?post=2281"},{"taxonomy":"post_tag","embeddable":true,"href":"https:\/\/agora.xtec.cat\/zer-les-salines\/wp-json\/wp\/v2\/tags?post=2281"}],"curies":[{"name":"wp","href":"https:\/\/api.w.org\/{rel}","templated":true}]}}