{"id":2278,"date":"2023-03-20T10:54:23","date_gmt":"2023-03-20T09:54:23","guid":{"rendered":"https:\/\/agora.xtec.cat\/zer-les-salines\/?p=2278"},"modified":"2023-03-20T10:54:23","modified_gmt":"2023-03-20T09:54:23","slug":"3a-cursa-de-la-dona-agullana","status":"publish","type":"post","link":"https:\/\/agora.xtec.cat\/zer-les-salines\/portada\/3a-cursa-de-la-dona-agullana\/","title":{"rendered":"3a cursa de la dona &#8211; Agullana"},"content":{"rendered":"<p>El proper diumenge 26 de mar\u00e7\u00a0 es realitzar\u00e0 la tercera cursa de la dona a Agullana.<\/p>\n<p>Ser\u00e0 un recorregut circular de 5 km. La sortida es far\u00e0 a les 10h a la pla\u00e7a Major d&#8217;Agullana.<\/p>\n<p>De 8:30 h a 9:30 h i haur\u00e0 la recollida de dorsals i les inscripcions presencials.<\/p>\n<p>Us podeu inscriure telem\u00e0ticament a la seg\u00fcent adre\u00e7a (10\u20ac): <a href=\"https:\/\/www.curses.cat\/donaagullana2023\/?url=donaagullana2023\">Curses.cat<\/a><\/p>\n<p><a href=\"https:\/\/agora.xtec.cat\/zer-les-salines\/wp-content\/uploads\/usu1080\/2023\/03\/3a-cursa-de-la-dona-Agullana.jpg\"><img loading=\"lazy\" decoding=\"async\" class=\"aligncenter size-full wp-image-2279\" src=\"https:\/\/agora.xtec.cat\/zer-les-salines\/wp-content\/uploads\/usu1080\/2023\/03\/3a-cursa-de-la-dona-Agullana.jpg\" alt=\"\" width=\"900\" height=\"448\" srcset=\"https:\/\/agora.xtec.cat\/zer-les-salines\/wp-content\/uploads\/usu1080\/2023\/03\/3a-cursa-de-la-dona-Agullana.jpg 900w, https:\/\/agora.xtec.cat\/zer-les-salines\/wp-content\/uploads\/usu1080\/2023\/03\/3a-cursa-de-la-dona-Agullana-300x149.jpg 300w, https:\/\/agora.xtec.cat\/zer-les-salines\/wp-content\/uploads\/usu1080\/2023\/03\/3a-cursa-de-la-dona-Agullana-768x382.jpg 768w\" sizes=\"auto, (max-width: 900px) 100vw, 900px\" \/><\/a><\/p>\n","protected":false},"excerpt":{"rendered":"<p>El proper diumenge 26 de mar\u00e7\u00a0 es realitzar\u00e0 la tercera cursa de la dona a Agullana.<br \/>\nSer\u00e0 un recorregut circular de 5 km. La sortida es far\u00e0 a les 10h a la pla\u00e7a Major d&#8217;Agullana.<br \/>\nDe 8:30 h a 9:30 h i haur\u00e0 la recollida de dorsals&hellip;  <a href=\"https:\/\/agora.xtec.cat\/zer-les-salines\/portada\/3a-cursa-de-la-dona-agullana\/\" title=\"Read 3a cursa de la dona &#8211; Agullana\">Llegeix m\u00e9s\u00bb<\/a><\/p>\n","protected":false},"author":1,"featured_media":2279,"comment_status":"open","ping_status":"closed","sticky":false,"template":"","format":"standard","meta":{"_bbp_topic_count":0,"_bbp_reply_count":0,"_bbp_total_topic_count":0,"_bbp_total_reply_count":0,"_bbp_voice_count":0,"_bbp_anonymous_reply_count":0,"_bbp_topic_count_hidden":0,"_bbp_reply_count_hidden":0,"_bbp_forum_subforum_count":0,"footnotes":""},"categories":[227,29],"tags":[188,355,284,473],"class_list":["post-2278","post","type-post","status-publish","format-standard","has-post-thumbnail","hentry","category-families","category-portada","tag-agullana","tag-curs-22-23","tag-cursa","tag-dona"],"post_mailing_queue_ids":[],"_links":{"self":[{"href":"https:\/\/agora.xtec.cat\/zer-les-salines\/wp-json\/wp\/v2\/posts\/2278","targetHints":{"allow":["GET"]}}],"collection":[{"href":"https:\/\/agora.xtec.cat\/zer-les-salines\/wp-json\/wp\/v2\/posts"}],"about":[{"href":"https:\/\/agora.xtec.cat\/zer-les-salines\/wp-json\/wp\/v2\/types\/post"}],"author":[{"embeddable":true,"href":"https:\/\/agora.xtec.cat\/zer-les-salines\/wp-json\/wp\/v2\/users\/1"}],"replies":[{"embeddable":true,"href":"https:\/\/agora.xtec.cat\/zer-les-salines\/wp-json\/wp\/v2\/comments?post=2278"}],"version-history":[{"count":1,"href":"https:\/\/agora.xtec.cat\/zer-les-salines\/wp-json\/wp\/v2\/posts\/2278\/revisions"}],"predecessor-version":[{"id":2280,"href":"https:\/\/agora.xtec.cat\/zer-les-salines\/wp-json\/wp\/v2\/posts\/2278\/revisions\/2280"}],"wp:featuredmedia":[{"embeddable":true,"href":"https:\/\/agora.xtec.cat\/zer-les-salines\/wp-json\/wp\/v2\/media\/2279"}],"wp:attachment":[{"href":"https:\/\/agora.xtec.cat\/zer-les-salines\/wp-json\/wp\/v2\/media?parent=2278"}],"wp:term":[{"taxonomy":"category","embeddable":true,"href":"https:\/\/agora.xtec.cat\/zer-les-salines\/wp-json\/wp\/v2\/categories?post=2278"},{"taxonomy":"post_tag","embeddable":true,"href":"https:\/\/agora.xtec.cat\/zer-les-salines\/wp-json\/wp\/v2\/tags?post=2278"}],"curies":[{"name":"wp","href":"https:\/\/api.w.org\/{rel}","templated":true}]}}