{"id":2269,"date":"2023-03-08T09:10:19","date_gmt":"2023-03-08T08:10:19","guid":{"rendered":"https:\/\/agora.xtec.cat\/zer-les-salines\/?p=2269"},"modified":"2023-03-08T09:10:19","modified_gmt":"2023-03-08T08:10:19","slug":"8-de-marc-dia-de-la-dona-treballadora","status":"publish","type":"post","link":"https:\/\/agora.xtec.cat\/zer-les-salines\/portada\/8-de-marc-dia-de-la-dona-treballadora\/","title":{"rendered":"8 de mar\u00e7 &#8211; dia de la dona treballadora"},"content":{"rendered":"<p>El 8 de mar\u00e7 se celebra el Dia Internacional de les Dones,\u00a0d&#8217;en\u00e7\u00e0 que\u00a0el 1975 Nacions Unides va decidir institucionalitzar-lo.<\/p>\n<p>La igualtat de g\u00e8nere no \u00e9s nom\u00e9s un dret hum\u00e0 fonamental, sin\u00f3 que esdev\u00e9 un dels fonaments essencials per a construir un m\u00f3n pac\u00edfic, pr\u00f2sper i sostenible. Per aquest motiu, dins de l&#8217;Agenda 2030 pel Desenvolupament Sostenible, l&#8217;ODS 5 se centra\u00a0en\u00a0assolir la igualtat entre els g\u00e8neres i empoderar a totes les dones i nenes.<\/p>\n<p>Aquest any 2023 el Departament d&#8217;Igualtat i Feminismes de la Generalitat de Catalunya cita en la seva\u00a0<strong><a href=\"https:\/\/igualtat.gencat.cat\/web\/.content\/Actualitat\/campanyes\/8M-2023\/manifest\/Declaracio-institucional-8M-2023_cat.pdf\" target=\"_blank\" rel=\"noopener\">declaraci\u00f3 institucional<\/a><\/strong>\u00a0diferents situacions d&#8217;opressi\u00f3, desigualtat o discriminaci\u00f3 que pateixen les dones pel sol fet de ser dones: la desigualtat salarial; la imposici\u00f3 d&#8217;uns c\u00e0nons de bellesa que s\u00f3n una amena\u00e7a per a la seva salut f\u00edsica, emocional i mental; la infantilitzaci\u00f3 i q\u00fcestionament de la seva v\u00e0lua professional; la cosificaci\u00f3 de les dones en la publicitat i les pel\u00b7l\u00edcules; la propagaci\u00f3 de la idea de competitivitat entre les dones allunyant la idea de sororitat i germanor; la idea de maternitat com a fi \u00faltim del desenvolupament personal i social. Malauradament la llista podria ser m\u00e9s llarga.<\/p>\n<p>En el proc\u00e9s d&#8217;abra\u00e7ar el feminisme hi ha una\u00a0desconstrucci\u00f3\u00a0personal i col\u00b7lectiva on les dones i les persones no bin\u00e0ries s&#8217;adonen de les opressions, discriminacions i viol\u00e8ncies que pateixen. Aquesta\u00a0desconstrucci\u00f3\u00a0pot ser molt \u00e0mplia, per exemple analitzant els privilegis que les dones blanques tenen vers les persones racialitzades. Fent el seu propi cam\u00ed, tamb\u00e9 els homes, poden iniciar una presa de consci\u00e8ncia dels\u00a0propis\u00a0privilegis i de la viol\u00e8ncia que, molt sovint sense adonar-se&#8217;n, exerceixen vers dones i persones no bin\u00e0ries.<\/p>\n<p>Si volem veure i viure un canvi social relacionat amb els ideals feministes, posant les cures i les persones al centre, cal que prenguem la nostra responsabilitat i incorporem aquesta mirada feminista, antiracista i\u00a0transinclusiva, sense cap discriminaci\u00f3 per ra\u00f3 de classe social, origen, orientaci\u00f3 sexual o discapacitat. Aix\u00ed mateix, des de les institucions cal incorporar l&#8217;equitat de g\u00e8nere com a principi de just\u00edcia social i pol\u00edtica i desenvolupar pol\u00edtiques p\u00fabliques sota aquesta mirada per eliminar les desigualtats per ra\u00f3 de g\u00e8nere.<\/p>\n<p>Aquest text ha estat extret de la p\u00e0gina web del <a href=\"https:\/\/www.siguestu.cat\/\">Sigues Tu<\/a>. Tamb\u00e9 hi ha recursos disponibles per a les fam\u00edlies, concretament c\u00e0psules formatives que aquest trimestre estan centrades en temes de g\u00e8nere i sexualitat d&#8217;infants i joves:<\/p>\n<p><a href=\"https:\/\/www.siguestu.cat\/ca\/sigues-tu-en-familia-capsules-formatives.html\" target=\"_blank\" rel=\"noopener\"><strong>C\u00e0psules formatives per a fam\u00edlies<\/strong><\/a><\/p>\n","protected":false},"excerpt":{"rendered":"<p>El 8 de mar\u00e7 se celebra el Dia Internacional de les Dones,\u00a0d&#8217;en\u00e7\u00e0 que\u00a0el 1975 Nacions Unides va decidir institucionalitzar-lo.<br \/>\nLa igualtat de g\u00e8nere no \u00e9s nom\u00e9s un dret hum\u00e0 fonamental, sin\u00f3 que esdev\u00e9 un dels fonaments essencials per a construir un m\u00f3n pac\u00edfic, pr\u00f2sper i sostenible.&hellip;  <a href=\"https:\/\/agora.xtec.cat\/zer-les-salines\/portada\/8-de-marc-dia-de-la-dona-treballadora\/\" title=\"Read 8 de mar\u00e7 &#8211; dia de la dona treballadora\">Llegeix m\u00e9s\u00bb<\/a><\/p>\n","protected":false},"author":1,"featured_media":2270,"comment_status":"open","ping_status":"closed","sticky":false,"template":"","format":"standard","meta":{"_bbp_topic_count":0,"_bbp_reply_count":0,"_bbp_total_topic_count":0,"_bbp_total_reply_count":0,"_bbp_voice_count":0,"_bbp_anonymous_reply_count":0,"_bbp_topic_count_hidden":0,"_bbp_reply_count_hidden":0,"_bbp_forum_subforum_count":0,"footnotes":""},"categories":[227,29],"tags":[471,355,472,269],"class_list":["post-2269","post","type-post","status-publish","format-standard","has-post-thumbnail","hentry","category-families","category-portada","tag-8-marc","tag-curs-22-23","tag-dia-de-la-dona","tag-sigues-tu"],"post_mailing_queue_ids":[],"_links":{"self":[{"href":"https:\/\/agora.xtec.cat\/zer-les-salines\/wp-json\/wp\/v2\/posts\/2269","targetHints":{"allow":["GET"]}}],"collection":[{"href":"https:\/\/agora.xtec.cat\/zer-les-salines\/wp-json\/wp\/v2\/posts"}],"about":[{"href":"https:\/\/agora.xtec.cat\/zer-les-salines\/wp-json\/wp\/v2\/types\/post"}],"author":[{"embeddable":true,"href":"https:\/\/agora.xtec.cat\/zer-les-salines\/wp-json\/wp\/v2\/users\/1"}],"replies":[{"embeddable":true,"href":"https:\/\/agora.xtec.cat\/zer-les-salines\/wp-json\/wp\/v2\/comments?post=2269"}],"version-history":[{"count":1,"href":"https:\/\/agora.xtec.cat\/zer-les-salines\/wp-json\/wp\/v2\/posts\/2269\/revisions"}],"predecessor-version":[{"id":2271,"href":"https:\/\/agora.xtec.cat\/zer-les-salines\/wp-json\/wp\/v2\/posts\/2269\/revisions\/2271"}],"wp:featuredmedia":[{"embeddable":true,"href":"https:\/\/agora.xtec.cat\/zer-les-salines\/wp-json\/wp\/v2\/media\/2270"}],"wp:attachment":[{"href":"https:\/\/agora.xtec.cat\/zer-les-salines\/wp-json\/wp\/v2\/media?parent=2269"}],"wp:term":[{"taxonomy":"category","embeddable":true,"href":"https:\/\/agora.xtec.cat\/zer-les-salines\/wp-json\/wp\/v2\/categories?post=2269"},{"taxonomy":"post_tag","embeddable":true,"href":"https:\/\/agora.xtec.cat\/zer-les-salines\/wp-json\/wp\/v2\/tags?post=2269"}],"curies":[{"name":"wp","href":"https:\/\/api.w.org\/{rel}","templated":true}]}}