{"id":2254,"date":"2023-03-01T13:02:01","date_gmt":"2023-03-01T12:02:01","guid":{"rendered":"https:\/\/agora.xtec.cat\/zer-les-salines\/?p=2254"},"modified":"2023-03-01T13:02:01","modified_gmt":"2023-03-01T12:02:01","slug":"preinscripcio-23-24","status":"publish","type":"post","link":"https:\/\/agora.xtec.cat\/zer-les-salines\/portada\/preinscripcio-23-24\/","title":{"rendered":"Preinscripci\u00f3 23-24"},"content":{"rendered":"<p>A partir del 6 de mar\u00e7 i fins el 20 de mar\u00e7 hi haur\u00e0 el termini per presentar les sol\u00b7licituds.<\/p>\n<p>En aquests enlla\u00e7os trobareu m\u00e9s informaci\u00f3:<\/p>\n<p><a href=\"https:\/\/preinscripcio.gencat.cat\/ca\/estudis\/primaria\/inici\/\">Inscripci\u00f3. Educaci\u00f3 Prim\u00e0ria<\/a><\/p>\n<p><a href=\"https:\/\/preinscripcio.gencat.cat\/ca\/estudis\/infantil-3-6\/inici\/\">Inscripci\u00f3. Educaci\u00f3 Infantil<\/a><\/p>\n<p>&nbsp;<\/p>\n","protected":false},"excerpt":{"rendered":"<p>A partir del 6 de mar\u00e7 i fins el 20 de mar\u00e7 hi haur\u00e0 el termini per presentar les sol\u00b7licituds.<br \/>\nEn aquests enlla\u00e7os trobareu m\u00e9s informaci\u00f3:<br \/>\n<a href=\"https:\/\/preinscripcio.gencat.cat\/ca\/estudis\/primaria\/inici\/\">Inscripci\u00f3. Educaci\u00f3 Prim\u00e0ria<\/a><br \/>\n<a href=\"https:\/\/preinscripcio.gencat.cat\/ca\/estudis\/infantil-3-6\/inici\/\">Inscripci\u00f3. Educaci\u00f3 Infantil<\/a><br \/>\n&nbsp;<\/p>\n","protected":false},"author":1,"featured_media":2256,"comment_status":"open","ping_status":"closed","sticky":false,"template":"","format":"standard","meta":{"_bbp_topic_count":0,"_bbp_reply_count":0,"_bbp_total_topic_count":0,"_bbp_total_reply_count":0,"_bbp_voice_count":0,"_bbp_anonymous_reply_count":0,"_bbp_topic_count_hidden":0,"_bbp_reply_count_hidden":0,"_bbp_forum_subforum_count":0,"footnotes":""},"categories":[227,29],"tags":[355,290],"class_list":["post-2254","post","type-post","status-publish","format-standard","has-post-thumbnail","hentry","category-families","category-portada","tag-curs-22-23","tag-preinscripcio"],"post_mailing_queue_ids":[],"_links":{"self":[{"href":"https:\/\/agora.xtec.cat\/zer-les-salines\/wp-json\/wp\/v2\/posts\/2254","targetHints":{"allow":["GET"]}}],"collection":[{"href":"https:\/\/agora.xtec.cat\/zer-les-salines\/wp-json\/wp\/v2\/posts"}],"about":[{"href":"https:\/\/agora.xtec.cat\/zer-les-salines\/wp-json\/wp\/v2\/types\/post"}],"author":[{"embeddable":true,"href":"https:\/\/agora.xtec.cat\/zer-les-salines\/wp-json\/wp\/v2\/users\/1"}],"replies":[{"embeddable":true,"href":"https:\/\/agora.xtec.cat\/zer-les-salines\/wp-json\/wp\/v2\/comments?post=2254"}],"version-history":[{"count":1,"href":"https:\/\/agora.xtec.cat\/zer-les-salines\/wp-json\/wp\/v2\/posts\/2254\/revisions"}],"predecessor-version":[{"id":2257,"href":"https:\/\/agora.xtec.cat\/zer-les-salines\/wp-json\/wp\/v2\/posts\/2254\/revisions\/2257"}],"wp:featuredmedia":[{"embeddable":true,"href":"https:\/\/agora.xtec.cat\/zer-les-salines\/wp-json\/wp\/v2\/media\/2256"}],"wp:attachment":[{"href":"https:\/\/agora.xtec.cat\/zer-les-salines\/wp-json\/wp\/v2\/media?parent=2254"}],"wp:term":[{"taxonomy":"category","embeddable":true,"href":"https:\/\/agora.xtec.cat\/zer-les-salines\/wp-json\/wp\/v2\/categories?post=2254"},{"taxonomy":"post_tag","embeddable":true,"href":"https:\/\/agora.xtec.cat\/zer-les-salines\/wp-json\/wp\/v2\/tags?post=2254"}],"curies":[{"name":"wp","href":"https:\/\/api.w.org\/{rel}","templated":true}]}}