{"id":2251,"date":"2023-02-07T12:58:58","date_gmt":"2023-02-07T11:58:58","guid":{"rendered":"https:\/\/agora.xtec.cat\/zer-les-salines\/?p=2251"},"modified":"2023-02-07T12:58:58","modified_gmt":"2023-02-07T11:58:58","slug":"dia-de-la-internet-segura","status":"publish","type":"post","link":"https:\/\/agora.xtec.cat\/zer-les-salines\/portada\/dia-de-la-internet-segura\/","title":{"rendered":"Dia de la Internet segura"},"content":{"rendered":"<p>El\u00a0<strong>7 de febrer<\/strong>\u00a0se celebra el\u00a0<strong>Dia de la Internet Segura<\/strong>\u00a02023. Aquesta data est\u00e0 marcada al calendari, des de fa ja vint anys, per posar \u00e8mfasi en la necessitat de construir entre totes i tots una Internet millor: m\u00e9s segura, m\u00e9s saludable, m\u00e9s \u00e8tica.<\/p>\n<p>Per a les\u00a0<a href=\"https:\/\/internetsegura.cat\/families\/\"><strong>fam\u00edlies<\/strong><\/a>, es presenta un nou conte de la <a href=\"https:\/\/internetsegura.cat\/families\/relats-ciberseguretat\/\"><strong>s\u00e8rie de relats sobre ciberseguretat<\/strong><\/a>. La novetat\u00a0<strong><a href=\"https:\/\/internetsegura.cat\/wp-content\/uploads\/2023\/02\/Conte_10NicoCleaInfluencers.pdf\">\u2018Nico i Clea, influencers\u2019<\/a>\u00a0<\/strong>explica la hist\u00f2ria de dos germans, menors, que volen convertir-se en estrelles de les xarxes. Per\u00f2 el pare i la mare hi tenen for\u00e7a coses a dir. Un conte que permet treballar, des de casa, un fenomen for\u00e7a habitual entre la canalla d\u2019avui dia. El relat t\u00e9 una<strong><a href=\"https:\/\/internetsegura.cat\/nico-clea-influencers-relat-ciberseguretat\/\">\u00a0versi\u00f3 accessible<\/a><\/strong>, una\u00a0<strong><a href=\"https:\/\/internetsegura.cat\/nico-clea-influencers-relatos-ciberseguridad\">traducci\u00f3 a l\u2019espanyol<\/a><\/strong>, una\u00a0<strong><a href=\"https:\/\/internetsegura.cat\/wp-content\/uploads\/2023\/02\/guia_lectura_conte_nico_clea.pdf\">petita guia de lectura<\/a><\/strong>\u00a0per acompanyar els infants en la comprensi\u00f3 dels conceptes, i una\u00a0<strong><a href=\"https:\/\/youtu.be\/_NV7jIwa5Ns\">versi\u00f3 audiovisual<\/a><\/strong>\u00a0per ajudar a entendre la narrativa.<\/p>\n<p>A m\u00e9s a m\u00e9s, al web del Safer Internet Day, hi ha un munt de<strong>\u00a0<a href=\"https:\/\/www.saferinternetday.org\/en-GB\/resources\" target=\"_blank\" rel=\"noopener\">recursos, en diversos idiomes, adre\u00e7ats a fam\u00edlies<\/a>\u00a0<\/strong>per treballar, des de casa, la seguretat a la xarxa, i des de m\u00faltiples perspectives.<\/p>\n<p>Esperem que us sigui \u00fatil!<\/p>\n","protected":false},"excerpt":{"rendered":"<p>El\u00a07 de febrer\u00a0se celebra el\u00a0Dia de la Internet Segura\u00a02023. Aquesta data est\u00e0 marcada al calendari, des de fa ja vint anys, per posar \u00e8mfasi en la necessitat de construir entre totes i tots una Internet millor: m\u00e9s segura, m\u00e9s saludable, m\u00e9s \u00e8tica.<br \/>\nPer a les\u00a0<a href=\"https:\/\/internetsegura.cat\/families\/\">fam\u00edlies<\/a>,&hellip;  <a href=\"https:\/\/agora.xtec.cat\/zer-les-salines\/portada\/dia-de-la-internet-segura\/\" title=\"Read Dia de la Internet segura\">Llegeix m\u00e9s\u00bb<\/a><\/p>\n","protected":false},"author":1,"featured_media":2252,"comment_status":"open","ping_status":"closed","sticky":false,"template":"","format":"standard","meta":{"_bbp_topic_count":0,"_bbp_reply_count":0,"_bbp_total_topic_count":0,"_bbp_total_reply_count":0,"_bbp_voice_count":0,"_bbp_anonymous_reply_count":0,"_bbp_topic_count_hidden":0,"_bbp_reply_count_hidden":0,"_bbp_forum_subforum_count":0,"footnotes":""},"categories":[227,29],"tags":[330,355,463],"class_list":["post-2251","post","type-post","status-publish","format-standard","has-post-thumbnail","hentry","category-families","category-portada","tag-competencia-digital","tag-curs-22-23","tag-internet-segura"],"post_mailing_queue_ids":[],"_links":{"self":[{"href":"https:\/\/agora.xtec.cat\/zer-les-salines\/wp-json\/wp\/v2\/posts\/2251","targetHints":{"allow":["GET"]}}],"collection":[{"href":"https:\/\/agora.xtec.cat\/zer-les-salines\/wp-json\/wp\/v2\/posts"}],"about":[{"href":"https:\/\/agora.xtec.cat\/zer-les-salines\/wp-json\/wp\/v2\/types\/post"}],"author":[{"embeddable":true,"href":"https:\/\/agora.xtec.cat\/zer-les-salines\/wp-json\/wp\/v2\/users\/1"}],"replies":[{"embeddable":true,"href":"https:\/\/agora.xtec.cat\/zer-les-salines\/wp-json\/wp\/v2\/comments?post=2251"}],"version-history":[{"count":1,"href":"https:\/\/agora.xtec.cat\/zer-les-salines\/wp-json\/wp\/v2\/posts\/2251\/revisions"}],"predecessor-version":[{"id":2253,"href":"https:\/\/agora.xtec.cat\/zer-les-salines\/wp-json\/wp\/v2\/posts\/2251\/revisions\/2253"}],"wp:featuredmedia":[{"embeddable":true,"href":"https:\/\/agora.xtec.cat\/zer-les-salines\/wp-json\/wp\/v2\/media\/2252"}],"wp:attachment":[{"href":"https:\/\/agora.xtec.cat\/zer-les-salines\/wp-json\/wp\/v2\/media?parent=2251"}],"wp:term":[{"taxonomy":"category","embeddable":true,"href":"https:\/\/agora.xtec.cat\/zer-les-salines\/wp-json\/wp\/v2\/categories?post=2251"},{"taxonomy":"post_tag","embeddable":true,"href":"https:\/\/agora.xtec.cat\/zer-les-salines\/wp-json\/wp\/v2\/tags?post=2251"}],"curies":[{"name":"wp","href":"https:\/\/api.w.org\/{rel}","templated":true}]}}