{"id":2249,"date":"2023-01-31T18:00:00","date_gmt":"2023-01-31T17:00:00","guid":{"rendered":"https:\/\/agora.xtec.cat\/zer-les-salines\/?p=2249"},"modified":"2023-01-31T16:07:29","modified_gmt":"2023-01-31T15:07:29","slug":"suport-vital-basic-4","status":"publish","type":"post","link":"https:\/\/agora.xtec.cat\/zer-les-salines\/portada\/suport-vital-basic-4\/","title":{"rendered":"Suport Vital b\u00e0sic"},"content":{"rendered":"<p>Hola a totes i a tots!<\/p>\n<p>Hem comen\u00e7at el 2n trimestre treballant el suport vital b\u00e0sic (SVB).<\/p>\n<p>Estem dedicant algunes sessions a aprendre com actuar davant d&#8217;una situaci\u00f3 d&#8217;emerg\u00e8ncia (demanar ajuda, trucar al 112, etc.). L&#8217;alumnat d&#8217;educaci\u00f3 infantil i cicle inicial ho estan fent a trav\u00e9s del &#8220;Conte d&#8217;en Pau&#8221; i l&#8217;alumnat de cicle mitj\u00e0 i cicle superior ho est\u00e0 fent amb ninots de pr\u00e0ctiques que ens ha deixat el Servei Educatiu de l&#8217;Alt Empord\u00e0.<\/p>\n<p>Per aquest motiu us compartim unes presentacions de <a href=\"https:\/\/drive.google.com\/drive\/folders\/1lBRqdERKDTl8i-cUHq9at4Yuy07wP6-E?usp=sharing\">primers auxilis<\/a> per si \u00e9s del vostre inter\u00e8s o per si voleu practicar a casa.<\/p>\n","protected":false},"excerpt":{"rendered":"<p>Hola a totes i a tots!<br \/>\nHem comen\u00e7at el 2n trimestre treballant el suport vital b\u00e0sic (SVB).<br \/>\nEstem dedicant algunes sessions a aprendre com actuar davant d&#8217;una situaci\u00f3 d&#8217;emerg\u00e8ncia (demanar ajuda, trucar al 112, etc.). L&#8217;alumnat d&#8217;educaci\u00f3 infantil i cicle inicial ho estan fent a trav\u00e9s del&hellip;  <a href=\"https:\/\/agora.xtec.cat\/zer-les-salines\/portada\/suport-vital-basic-4\/\" title=\"Read Suport Vital b\u00e0sic\">Llegeix m\u00e9s\u00bb<\/a><\/p>\n","protected":false},"author":3,"featured_media":1913,"comment_status":"open","ping_status":"closed","sticky":false,"template":"","format":"standard","meta":{"_bbp_topic_count":0,"_bbp_reply_count":0,"_bbp_total_topic_count":0,"_bbp_total_reply_count":0,"_bbp_voice_count":0,"_bbp_anonymous_reply_count":0,"_bbp_topic_count_hidden":0,"_bbp_reply_count_hidden":0,"_bbp_forum_subforum_count":0,"footnotes":""},"categories":[120,227,29],"tags":[355,224,228],"class_list":["post-2249","post","type-post","status-publish","format-standard","has-post-thumbnail","hentry","category-ef","category-families","category-portada","tag-curs-22-23","tag-educacio-fisica","tag-suport-vital-basic"],"post_mailing_queue_ids":[],"_links":{"self":[{"href":"https:\/\/agora.xtec.cat\/zer-les-salines\/wp-json\/wp\/v2\/posts\/2249","targetHints":{"allow":["GET"]}}],"collection":[{"href":"https:\/\/agora.xtec.cat\/zer-les-salines\/wp-json\/wp\/v2\/posts"}],"about":[{"href":"https:\/\/agora.xtec.cat\/zer-les-salines\/wp-json\/wp\/v2\/types\/post"}],"author":[{"embeddable":true,"href":"https:\/\/agora.xtec.cat\/zer-les-salines\/wp-json\/wp\/v2\/users\/3"}],"replies":[{"embeddable":true,"href":"https:\/\/agora.xtec.cat\/zer-les-salines\/wp-json\/wp\/v2\/comments?post=2249"}],"version-history":[{"count":1,"href":"https:\/\/agora.xtec.cat\/zer-les-salines\/wp-json\/wp\/v2\/posts\/2249\/revisions"}],"predecessor-version":[{"id":2250,"href":"https:\/\/agora.xtec.cat\/zer-les-salines\/wp-json\/wp\/v2\/posts\/2249\/revisions\/2250"}],"wp:featuredmedia":[{"embeddable":true,"href":"https:\/\/agora.xtec.cat\/zer-les-salines\/wp-json\/wp\/v2\/media\/1913"}],"wp:attachment":[{"href":"https:\/\/agora.xtec.cat\/zer-les-salines\/wp-json\/wp\/v2\/media?parent=2249"}],"wp:term":[{"taxonomy":"category","embeddable":true,"href":"https:\/\/agora.xtec.cat\/zer-les-salines\/wp-json\/wp\/v2\/categories?post=2249"},{"taxonomy":"post_tag","embeddable":true,"href":"https:\/\/agora.xtec.cat\/zer-les-salines\/wp-json\/wp\/v2\/tags?post=2249"}],"curies":[{"name":"wp","href":"https:\/\/api.w.org\/{rel}","templated":true}]}}