{"id":2230,"date":"2022-12-18T21:27:51","date_gmt":"2022-12-18T20:27:51","guid":{"rendered":"https:\/\/agora.xtec.cat\/zer-les-salines\/?p=2230"},"modified":"2022-12-18T21:27:51","modified_gmt":"2022-12-18T20:27:51","slug":"concert-de-nadal","status":"publish","type":"post","link":"https:\/\/agora.xtec.cat\/zer-les-salines\/portada\/concert-de-nadal\/","title":{"rendered":"Concert de Nadal"},"content":{"rendered":"<p>El passat divendres dia 16 de desembre a l&#8217;esgl\u00e9sia de Sant Mart\u00ed de Ma\u00e7anet de Cabrenys l&#8217;alumnat de l&#8217;Escola Les Salines va fer el concert de Nadal.<\/p>\n<p>Per veure el concert, podeu clicar el seg\u00fcent enlla\u00e7: <a href=\"https:\/\/drive.google.com\/drive\/folders\/1Dv5mo0LJOd0Duq43SJdjOcz2ZIwHa1Ce?usp=sharing\">Concert de Nadal*<\/a><\/p>\n<p>Esperem que us agradi!<\/p>\n<p><sub><strong>*Recordeu que per poder accedir al v\u00eddeo haureu de fer-ho amb l&#8217;usuari del domini zerlessalines.cat<\/strong><\/sub><\/p>\n","protected":false},"excerpt":{"rendered":"<p>El passat divendres dia 16 de desembre a l&#8217;esgl\u00e9sia de Sant Mart\u00ed de Ma\u00e7anet de Cabrenys l&#8217;alumnat de l&#8217;Escola Les Salines va fer el concert de Nadal.<br \/>\nPer veure el concert, podeu clicar el seg\u00fcent enlla\u00e7: <a href=\"https:\/\/drive.google.com\/drive\/folders\/1Dv5mo0LJOd0Duq43SJdjOcz2ZIwHa1Ce?usp=sharing\">Concert de Nadal*<\/a><br \/>\nEsperem que us agradi!<br \/>\n*Recordeu que per poder&hellip;  <a href=\"https:\/\/agora.xtec.cat\/zer-les-salines\/portada\/concert-de-nadal\/\" title=\"Read Concert de Nadal\">Llegeix m\u00e9s\u00bb<\/a><\/p>\n","protected":false},"author":3,"featured_media":2231,"comment_status":"open","ping_status":"closed","sticky":false,"template":"","format":"standard","meta":{"_bbp_topic_count":0,"_bbp_reply_count":0,"_bbp_total_topic_count":0,"_bbp_total_reply_count":0,"_bbp_voice_count":0,"_bbp_anonymous_reply_count":0,"_bbp_topic_count_hidden":0,"_bbp_reply_count_hidden":0,"_bbp_forum_subforum_count":0,"footnotes":""},"categories":[114,121,227,29],"tags":[461,355,244,374,409,212],"class_list":["post-2230","post","type-post","status-publish","format-standard","has-post-thumbnail","hentry","category-blog-escola-lessalines","category-ea","category-families","category-portada","tag-concert-de-nadales","tag-curs-22-23","tag-educacio-artistica","tag-escola-les-salines","tag-macanet-de-cabrenys","tag-nadal"],"post_mailing_queue_ids":[],"_links":{"self":[{"href":"https:\/\/agora.xtec.cat\/zer-les-salines\/wp-json\/wp\/v2\/posts\/2230","targetHints":{"allow":["GET"]}}],"collection":[{"href":"https:\/\/agora.xtec.cat\/zer-les-salines\/wp-json\/wp\/v2\/posts"}],"about":[{"href":"https:\/\/agora.xtec.cat\/zer-les-salines\/wp-json\/wp\/v2\/types\/post"}],"author":[{"embeddable":true,"href":"https:\/\/agora.xtec.cat\/zer-les-salines\/wp-json\/wp\/v2\/users\/3"}],"replies":[{"embeddable":true,"href":"https:\/\/agora.xtec.cat\/zer-les-salines\/wp-json\/wp\/v2\/comments?post=2230"}],"version-history":[{"count":1,"href":"https:\/\/agora.xtec.cat\/zer-les-salines\/wp-json\/wp\/v2\/posts\/2230\/revisions"}],"predecessor-version":[{"id":2232,"href":"https:\/\/agora.xtec.cat\/zer-les-salines\/wp-json\/wp\/v2\/posts\/2230\/revisions\/2232"}],"wp:featuredmedia":[{"embeddable":true,"href":"https:\/\/agora.xtec.cat\/zer-les-salines\/wp-json\/wp\/v2\/media\/2231"}],"wp:attachment":[{"href":"https:\/\/agora.xtec.cat\/zer-les-salines\/wp-json\/wp\/v2\/media?parent=2230"}],"wp:term":[{"taxonomy":"category","embeddable":true,"href":"https:\/\/agora.xtec.cat\/zer-les-salines\/wp-json\/wp\/v2\/categories?post=2230"},{"taxonomy":"post_tag","embeddable":true,"href":"https:\/\/agora.xtec.cat\/zer-les-salines\/wp-json\/wp\/v2\/tags?post=2230"}],"curies":[{"name":"wp","href":"https:\/\/api.w.org\/{rel}","templated":true}]}}