{"id":2207,"date":"2022-12-19T23:06:37","date_gmt":"2022-12-19T22:06:37","guid":{"rendered":"https:\/\/agora.xtec.cat\/zer-les-salines\/?p=2207"},"modified":"2022-12-19T23:06:37","modified_gmt":"2022-12-19T22:06:37","slug":"aprenem-jugant-a-la-llar-dinfants","status":"publish","type":"post","link":"https:\/\/agora.xtec.cat\/zer-les-salines\/portada\/aprenem-jugant-a-la-llar-dinfants\/","title":{"rendered":"Aprenem jugant a la llar d&#8217;infants"},"content":{"rendered":"<p>Benvolgudes fam\u00edlies,<\/p>\n<p>Les nenes i els nens de la llar d\u2019infants <em>(classe dels mussols)<\/em> <strong>jugant i gaudint<\/strong> hem apr\u00e9s a pintar amb pintura i pinzells, amb taps de suro, amb els dits &#8230;, a fer construccions amb peces de fusta i materials de rebuig, a manipular elements naturals de la tardor, a experimentar amb materials naturals, a con\u00e8ixer els mussols, &#8230;<\/p>\n<p>Tamb\u00e9 hem gaudit amb els racons de joc simb\u00f2lic i jugant amb material reciclat com les caixes de cartr\u00f3 i el paper de diari.<br \/>\nHem escoltat contes i hem apr\u00e9s moltes can\u00e7ons&#8230;.<\/p>\n<p>Hem apr\u00e9s h\u00e0bits, gaudim molt fent el bon dia!!! Estem aprenent a compartir les joguines de la classe i a tenir cura dels nostres companys i companyes, de la nostra classe i del nostre pati.<\/p>\n<p>Un dia vam fer una sortideta pel poble, per con\u00e8ixer el mercat i la font del Surer, ens ho vam passar molt b\u00e9!!!!<\/p>\n<p><strong>Si voleu veure fotografies d\u2019algunes de les activitats que hem fet aquest darrer trimestre <em>cliqueu cada imatge<\/em><\/strong>.<\/p>\n<p><a href=\"https:\/\/drive.google.com\/drive\/folders\/10N-oExmEWYGWdIWNUo9SbjMgVEA-kyqW?usp=share_link\"><img loading=\"lazy\" decoding=\"async\" class=\"alignnone wp-image-2216\" src=\"https:\/\/agora.xtec.cat\/zer-les-salines\/wp-content\/uploads\/usu1080\/2022\/12\/plastilina.jpg\" alt=\"\" width=\"45\" height=\"38\" \/> FEM ESCULTURES AMB PLASTILINA<\/a><\/p>\n<p><a href=\"https:\/\/drive.google.com\/drive\/folders\/1Qx5dfUYEWUQTt0_H20IwdnGK86nI6h91?usp=share_link\"><img loading=\"lazy\" decoding=\"async\" class=\"alignnone wp-image-2217\" src=\"https:\/\/agora.xtec.cat\/zer-les-salines\/wp-content\/uploads\/usu1080\/2022\/12\/cargol.jpg\" alt=\"\" width=\"44\" height=\"45\" \/> FEM UN CARGOL AMB PLASTILINA I CASTANYES<\/a><\/p>\n<p><a href=\"https:\/\/drive.google.com\/drive\/folders\/108Ac8O1Ps7aUIJT3i0n3zI_WBPV4DhN5?usp=share_link\"><img loading=\"lazy\" decoding=\"async\" class=\"alignnone wp-image-2226\" src=\"https:\/\/agora.xtec.cat\/zer-les-salines\/wp-content\/uploads\/usu1080\/2022\/12\/caixes-1.jpg\" alt=\"\" width=\"45\" height=\"40\" \/> JUGUEM AMB CAIXES DE CARTR\u00d3 I PAPER DE DIARI<\/a><\/p>\n<p><a href=\"https:\/\/drive.google.com\/drive\/folders\/1T_mxUTbkY5g_3qnSPwmhul62AqC_Foac?usp=share_link\"><img loading=\"lazy\" decoding=\"async\" class=\"alignnone wp-image-2219\" src=\"https:\/\/agora.xtec.cat\/zer-les-salines\/wp-content\/uploads\/usu1080\/2022\/12\/fuastes.jpg\" alt=\"\" width=\"46\" height=\"41\" \/> JUGUEM AMB FUSTES I ANIMALS<\/a><\/p>\n<p><a href=\"https:\/\/drive.google.com\/drive\/folders\/1VreVL_eX-821QhQaoHmCfQImeLMt25uI?usp=share_link\"><img loading=\"lazy\" decoding=\"async\" class=\"alignnone wp-image-2220\" src=\"https:\/\/agora.xtec.cat\/zer-les-salines\/wp-content\/uploads\/usu1080\/2022\/12\/tardor.jpg\" alt=\"\" width=\"45\" height=\"40\" \/> JUGUEM I MANIPULEM MATERIAL DE TARDOR<\/a><\/p>\n<p><a href=\"https:\/\/drive.google.com\/drive\/folders\/1K-aDdcbhN67BO1-XxhzHXsawpO3cTMlp?usp=share_link\"><img loading=\"lazy\" decoding=\"async\" class=\"alignnone wp-image-2225\" src=\"https:\/\/agora.xtec.cat\/zer-les-salines\/wp-content\/uploads\/usu1080\/2022\/12\/suro.jpg\" alt=\"\" width=\"45\" height=\"38\" \/>\u00a0PINTEM BOLETS AMB PINTURA I TAPS DE SURO<\/a><\/p>\n<p><a href=\"https:\/\/drive.google.com\/drive\/folders\/1qcQmor_S8CNv-Bopp9B4q6dQVSTTHPpQ?usp=share_link\"><img loading=\"lazy\" decoding=\"async\" class=\"alignnone wp-image-2222\" src=\"https:\/\/agora.xtec.cat\/zer-les-salines\/wp-content\/uploads\/usu1080\/2022\/12\/fulles.jpg\" alt=\"\" width=\"46\" height=\"39\" \/> PINTEM I ESTAMPEM FULLES AMB ELS COLORS DE LA TARDOR<\/a><\/p>\n<p><a href=\"https:\/\/drive.google.com\/drive\/folders\/1Yn0eHMEkoQMMeMP713egy-PsCRoEn4bo?usp=share_link\"><img loading=\"lazy\" decoding=\"async\" class=\"alignnone wp-image-2223\" src=\"https:\/\/agora.xtec.cat\/zer-les-salines\/wp-content\/uploads\/usu1080\/2022\/12\/safata.jpg\" alt=\"\" width=\"46\" height=\"35\" \/> SAFATES D&#8217;EXPERIMENTACI\u00d3<\/a><\/p>\n<p><a href=\"https:\/\/drive.google.com\/drive\/folders\/1Ngn1Zm4XgBPLt9We3oN0Yx0XF2g5IJsD?usp=share_link\"><img loading=\"lazy\" decoding=\"async\" class=\"alignnone wp-image-2228\" src=\"https:\/\/agora.xtec.cat\/zer-les-salines\/wp-content\/uploads\/usu1080\/2022\/12\/poble-1.jpg\" alt=\"\" width=\"45\" height=\"44\" \/>\u00a0SORTIDETA PEL POBLE<\/a><\/p>\n<p>Bones vacances i Bon Nadal!!!!!!!<\/p>\n","protected":false},"excerpt":{"rendered":"<p>Benvolgudes fam\u00edlies,<br \/>\nLes nenes i els nens de la llar d\u2019infants (classe dels mussols) jugant i gaudint hem apr\u00e9s a pintar amb pintura i pinzells, amb taps de suro, amb els dits &#8230;, a fer construccions amb peces de fusta i materials de rebuig, a manipular&hellip;  <a href=\"https:\/\/agora.xtec.cat\/zer-les-salines\/portada\/aprenem-jugant-a-la-llar-dinfants\/\" title=\"Read Aprenem jugant a la llar d&#8217;infants\">Llegeix m\u00e9s\u00bb<\/a><\/p>\n","protected":false},"author":77,"featured_media":0,"comment_status":"open","ping_status":"closed","sticky":false,"template":"","format":"standard","meta":{"_bbp_topic_count":0,"_bbp_reply_count":0,"_bbp_total_topic_count":0,"_bbp_total_reply_count":0,"_bbp_voice_count":0,"_bbp_anonymous_reply_count":0,"_bbp_topic_count_hidden":0,"_bbp_reply_count_hidden":0,"_bbp_forum_subforum_count":0,"footnotes":""},"categories":[114,29],"tags":[460,459,458],"class_list":["post-2207","post","type-post","status-publish","format-standard","hentry","category-blog-escola-lessalines","category-portada","tag-activitats","tag-infantil","tag-llar"],"post_mailing_queue_ids":[],"_links":{"self":[{"href":"https:\/\/agora.xtec.cat\/zer-les-salines\/wp-json\/wp\/v2\/posts\/2207","targetHints":{"allow":["GET"]}}],"collection":[{"href":"https:\/\/agora.xtec.cat\/zer-les-salines\/wp-json\/wp\/v2\/posts"}],"about":[{"href":"https:\/\/agora.xtec.cat\/zer-les-salines\/wp-json\/wp\/v2\/types\/post"}],"author":[{"embeddable":true,"href":"https:\/\/agora.xtec.cat\/zer-les-salines\/wp-json\/wp\/v2\/users\/77"}],"replies":[{"embeddable":true,"href":"https:\/\/agora.xtec.cat\/zer-les-salines\/wp-json\/wp\/v2\/comments?post=2207"}],"version-history":[{"count":3,"href":"https:\/\/agora.xtec.cat\/zer-les-salines\/wp-json\/wp\/v2\/posts\/2207\/revisions"}],"predecessor-version":[{"id":2236,"href":"https:\/\/agora.xtec.cat\/zer-les-salines\/wp-json\/wp\/v2\/posts\/2207\/revisions\/2236"}],"wp:attachment":[{"href":"https:\/\/agora.xtec.cat\/zer-les-salines\/wp-json\/wp\/v2\/media?parent=2207"}],"wp:term":[{"taxonomy":"category","embeddable":true,"href":"https:\/\/agora.xtec.cat\/zer-les-salines\/wp-json\/wp\/v2\/categories?post=2207"},{"taxonomy":"post_tag","embeddable":true,"href":"https:\/\/agora.xtec.cat\/zer-les-salines\/wp-json\/wp\/v2\/tags?post=2207"}],"curies":[{"name":"wp","href":"https:\/\/api.w.org\/{rel}","templated":true}]}}