{"id":2199,"date":"2022-12-15T13:43:40","date_gmt":"2022-12-15T12:43:40","guid":{"rendered":"https:\/\/agora.xtec.cat\/zer-les-salines\/?p=2199"},"modified":"2022-12-15T13:43:40","modified_gmt":"2022-12-15T12:43:40","slug":"laparell-digestiu","status":"publish","type":"post","link":"https:\/\/agora.xtec.cat\/zer-les-salines\/portada\/laparell-digestiu\/","title":{"rendered":"L&#8217;aparell digestiu."},"content":{"rendered":"<p>Els alumnes de 1r, 2n i 3er de l&#8217;escola de Les Salines, al llarg d&#8217;aquest trimestre han treballat el cos hum\u00e0. En aquest v\u00eddeo els nens i nenes ens expliquen el proc\u00e9s de l&#8217;aparell digestiu.<\/p>\n<p>Esperem que us agradi!!<\/p>\n<p><a href=\"https:\/\/drive.google.com\/drive\/folders\/1DbornvhEjNttS_-t6JXPIBHXNnmWJyPX?usp=sharing\"><img loading=\"lazy\" decoding=\"async\" class=\"alignnone size-full wp-image-2200\" src=\"https:\/\/agora.xtec.cat\/zer-les-salines\/wp-content\/uploads\/usu1080\/2022\/12\/images.jpg\" alt=\"\" width=\"236\" height=\"214\" \/><\/a><\/p>\n","protected":false},"excerpt":{"rendered":"<p>Els alumnes de 1r, 2n i 3er de l&#8217;escola de Les Salines, al llarg d&#8217;aquest trimestre han treballat el cos hum\u00e0. En aquest v\u00eddeo els nens i nenes ens expliquen el proc\u00e9s de l&#8217;aparell digestiu.<br \/>\nEsperem que us agradi!!<br \/>\n<a href=\"https:\/\/drive.google.com\/drive\/folders\/1DbornvhEjNttS_-t6JXPIBHXNnmWJyPX?usp=sharing\"><\/a><\/p>\n","protected":false},"author":77,"featured_media":0,"comment_status":"open","ping_status":"closed","sticky":false,"template":"","format":"standard","meta":{"_bbp_topic_count":0,"_bbp_reply_count":0,"_bbp_total_topic_count":0,"_bbp_total_reply_count":0,"_bbp_voice_count":0,"_bbp_anonymous_reply_count":0,"_bbp_topic_count_hidden":0,"_bbp_reply_count_hidden":0,"_bbp_forum_subforum_count":0,"footnotes":""},"categories":[114,29],"tags":[454,453,374,384],"class_list":["post-2199","post","type-post","status-publish","format-standard","hentry","category-blog-escola-lessalines","category-portada","tag-aparell-digestiu","tag-el-cos","tag-escola-les-salines","tag-medi"],"post_mailing_queue_ids":[],"_links":{"self":[{"href":"https:\/\/agora.xtec.cat\/zer-les-salines\/wp-json\/wp\/v2\/posts\/2199","targetHints":{"allow":["GET"]}}],"collection":[{"href":"https:\/\/agora.xtec.cat\/zer-les-salines\/wp-json\/wp\/v2\/posts"}],"about":[{"href":"https:\/\/agora.xtec.cat\/zer-les-salines\/wp-json\/wp\/v2\/types\/post"}],"author":[{"embeddable":true,"href":"https:\/\/agora.xtec.cat\/zer-les-salines\/wp-json\/wp\/v2\/users\/77"}],"replies":[{"embeddable":true,"href":"https:\/\/agora.xtec.cat\/zer-les-salines\/wp-json\/wp\/v2\/comments?post=2199"}],"version-history":[{"count":2,"href":"https:\/\/agora.xtec.cat\/zer-les-salines\/wp-json\/wp\/v2\/posts\/2199\/revisions"}],"predecessor-version":[{"id":2204,"href":"https:\/\/agora.xtec.cat\/zer-les-salines\/wp-json\/wp\/v2\/posts\/2199\/revisions\/2204"}],"wp:attachment":[{"href":"https:\/\/agora.xtec.cat\/zer-les-salines\/wp-json\/wp\/v2\/media?parent=2199"}],"wp:term":[{"taxonomy":"category","embeddable":true,"href":"https:\/\/agora.xtec.cat\/zer-les-salines\/wp-json\/wp\/v2\/categories?post=2199"},{"taxonomy":"post_tag","embeddable":true,"href":"https:\/\/agora.xtec.cat\/zer-les-salines\/wp-json\/wp\/v2\/tags?post=2199"}],"curies":[{"name":"wp","href":"https:\/\/api.w.org\/{rel}","templated":true}]}}