{"id":2186,"date":"2022-12-11T20:00:03","date_gmt":"2022-12-11T19:00:03","guid":{"rendered":"https:\/\/agora.xtec.cat\/zer-les-salines\/?p=2186"},"modified":"2022-12-08T10:28:58","modified_gmt":"2022-12-08T09:28:58","slug":"cantada-de-nadales","status":"publish","type":"post","link":"https:\/\/agora.xtec.cat\/zer-les-salines\/portada\/cantada-de-nadales\/","title":{"rendered":"Cantada de Nadales"},"content":{"rendered":"<p>Benvolguts i benvolgudes,<\/p>\n<p>El proper 16 de desembre a les 19 h, l&#8217;alumnat de l&#8217;escola Les Salines, us conviden a assistir a la cantada de Nadales que faran a l&#8217;esgl\u00e9sia de Sant Mart\u00ed de Ma\u00e7anet de Cabrenys.<\/p>\n<p>Us hi esperem!<\/p>\n<p><a href=\"https:\/\/agora.xtec.cat\/zer-les-salines\/wp-content\/uploads\/usu1080\/2022\/12\/PHOTO-2022-12-07-13-13-36.jpg\"><img loading=\"lazy\" decoding=\"async\" class=\"aligncenter size-full wp-image-2187\" src=\"https:\/\/agora.xtec.cat\/zer-les-salines\/wp-content\/uploads\/usu1080\/2022\/12\/PHOTO-2022-12-07-13-13-36.jpg\" alt=\"Cartell de cantada de Nadales\" width=\"724\" height=\"1024\" srcset=\"https:\/\/agora.xtec.cat\/zer-les-salines\/wp-content\/uploads\/usu1080\/2022\/12\/PHOTO-2022-12-07-13-13-36.jpg 724w, https:\/\/agora.xtec.cat\/zer-les-salines\/wp-content\/uploads\/usu1080\/2022\/12\/PHOTO-2022-12-07-13-13-36-212x300.jpg 212w\" sizes=\"auto, (max-width: 724px) 100vw, 724px\" \/><\/a><\/p>\n","protected":false},"excerpt":{"rendered":"<p>Benvolguts i benvolgudes,<br \/>\nEl proper 16 de desembre a les 19 h, l&#8217;alumnat de l&#8217;escola Les Salines, us conviden a assistir a la cantada de Nadales que faran a l&#8217;esgl\u00e9sia de Sant Mart\u00ed de Ma\u00e7anet de Cabrenys.<br \/>\nUs hi esperem!<br \/>\n<a href=\"https:\/\/agora.xtec.cat\/zer-les-salines\/wp-content\/uploads\/usu1080\/2022\/12\/PHOTO-2022-12-07-13-13-36.jpg\"><\/a><\/p>\n","protected":false},"author":1,"featured_media":2187,"comment_status":"open","ping_status":"closed","sticky":false,"template":"","format":"standard","meta":{"_bbp_topic_count":0,"_bbp_reply_count":0,"_bbp_total_topic_count":0,"_bbp_total_reply_count":0,"_bbp_voice_count":0,"_bbp_anonymous_reply_count":0,"_bbp_topic_count_hidden":0,"_bbp_reply_count_hidden":0,"_bbp_forum_subforum_count":0,"footnotes":""},"categories":[125,114,227,29],"tags":[399,220,374,222,212],"class_list":["post-2186","post","type-post","status-publish","format-standard","has-post-thumbnail","hentry","category-activitatszer","category-blog-escola-lessalines","category-families","category-portada","tag-concert-de-musica","tag-concert-de-nadal","tag-escola-les-salines","tag-macanet","tag-nadal"],"post_mailing_queue_ids":[],"_links":{"self":[{"href":"https:\/\/agora.xtec.cat\/zer-les-salines\/wp-json\/wp\/v2\/posts\/2186","targetHints":{"allow":["GET"]}}],"collection":[{"href":"https:\/\/agora.xtec.cat\/zer-les-salines\/wp-json\/wp\/v2\/posts"}],"about":[{"href":"https:\/\/agora.xtec.cat\/zer-les-salines\/wp-json\/wp\/v2\/types\/post"}],"author":[{"embeddable":true,"href":"https:\/\/agora.xtec.cat\/zer-les-salines\/wp-json\/wp\/v2\/users\/1"}],"replies":[{"embeddable":true,"href":"https:\/\/agora.xtec.cat\/zer-les-salines\/wp-json\/wp\/v2\/comments?post=2186"}],"version-history":[{"count":1,"href":"https:\/\/agora.xtec.cat\/zer-les-salines\/wp-json\/wp\/v2\/posts\/2186\/revisions"}],"predecessor-version":[{"id":2188,"href":"https:\/\/agora.xtec.cat\/zer-les-salines\/wp-json\/wp\/v2\/posts\/2186\/revisions\/2188"}],"wp:featuredmedia":[{"embeddable":true,"href":"https:\/\/agora.xtec.cat\/zer-les-salines\/wp-json\/wp\/v2\/media\/2187"}],"wp:attachment":[{"href":"https:\/\/agora.xtec.cat\/zer-les-salines\/wp-json\/wp\/v2\/media?parent=2186"}],"wp:term":[{"taxonomy":"category","embeddable":true,"href":"https:\/\/agora.xtec.cat\/zer-les-salines\/wp-json\/wp\/v2\/categories?post=2186"},{"taxonomy":"post_tag","embeddable":true,"href":"https:\/\/agora.xtec.cat\/zer-les-salines\/wp-json\/wp\/v2\/tags?post=2186"}],"curies":[{"name":"wp","href":"https:\/\/api.w.org\/{rel}","templated":true}]}}