{"id":2173,"date":"2022-12-06T20:42:18","date_gmt":"2022-12-06T19:42:18","guid":{"rendered":"https:\/\/agora.xtec.cat\/zer-les-salines\/?p=2173"},"modified":"2022-12-08T10:18:14","modified_gmt":"2022-12-08T09:18:14","slug":"tallers-intercicle-en-marxa","status":"publish","type":"post","link":"https:\/\/agora.xtec.cat\/zer-les-salines\/portada\/tallers-intercicle-en-marxa\/","title":{"rendered":"Tallers intercicle en marxa!"},"content":{"rendered":"<p>M\u00e9s not\u00edcies dels nostres reporters de cicle superior sobre els tallers intercicles i imatges al final dels articles!<\/p>\n<p><b>\u00a0 \u00a0TALLERS D\u2019INTERCICLES<\/b><\/p>\n<p><span style=\"font-weight: 400;\">Els nens i nenes de l\u2019<\/span><b>escola d\u2019Agullana<\/b><span style=\"font-weight: 400;\"> han comen\u00e7at ha fer <\/span><b>tallers<\/b> <b>d\u2019intercicles<\/b><span style=\"font-weight: 400;\"> amb padrins i fillols.<\/span><\/p>\n<p><span style=\"font-weight: 400;\">1-<\/span><b>ROB\u00d3TICA: <\/b><span style=\"font-weight: 400;\">manegem uns robots que s\u2019anomenen <\/span><span style=\"font-weight: 400;\">DASH i DOT<\/span><\/p>\n<p><span style=\"font-weight: 400;\">2-<\/span><b>JARDINERIA:<\/b><span style=\"font-weight: 400;\">Plantem plantes i arreglem els jardins per llu\u00efr-los<\/span><\/p>\n<p><span style=\"font-weight: 400;\">3-<\/span><b>CIRC: <\/b><span style=\"font-weight: 400;\">Fabriquem objectes de circ<\/span><\/p>\n<p><span style=\"font-weight: 400;\">4-<\/span><b>TEATRE O JOC DRAM\u00c0TIC: <\/b><span style=\"font-weight: 400;\">Fem jocs dram\u00e0tics i petites actuacions<\/span><\/p>\n<p><span style=\"font-weight: 400;\">5-<\/span><b>RECICLATGE: <\/b><span style=\"font-weight: 400;\">Fem paper reciclat i despr\u00e9s el decorem bonic<\/span><\/p>\n<p><span style=\"font-weight: 400;\">6-<\/span><b>DECORACI\u00d3: <\/b><span style=\"font-weight: 400;\">Decorem l\u2019<\/span><b>escola <\/b><span style=\"font-weight: 400;\">i els passadissos manualment<\/span><\/p>\n<p><span style=\"font-weight: 400;\">Cada dimecres a la tarda fem els <\/span><b>tallers intercicles <\/b><span style=\"font-weight: 400;\">i cada <\/span><b>3 <\/b><span style=\"font-weight: 400;\">dimecres fem canvi de tallers.<\/span><\/p>\n<p><span style=\"font-weight: 400;\">Aquests tallers ens estan agradant molt i esperem que ens continu\u00efn agradant molt.<\/span><\/p>\n<p><i><span style=\"font-weight: 400;\">Reporters: Gina i Mohamed EG<\/span><\/i><\/p>\n<hr \/>\n<p><b>TALLER INTERCICLES<\/b><\/p>\n<p><span style=\"font-weight: 400;\">Aquest any els nens i nenes de l&#8217;escola Llu\u00eds Mari\u00e0 Vidal han repr\u00e8s els tallers d\u2019intercicles. Ara us explicarem qu\u00e8 fan i com ho fan.<\/span><\/p>\n<p><span style=\"font-weight: 400;\">En el taller intercicles fan diferents activitats:<\/span><\/p>\n<p><span style=\"font-weight: 400;\">Teatre,circ,reciclatge,jard\u00ed,rob\u00f2tica,i per \u00faltim ambientaci\u00f3.\u00a0<\/span><\/p>\n<p><span style=\"font-weight: 400;\">Ara explicarem qu\u00e8 es fa a cada taller.<\/span><\/p>\n<p><span style=\"font-weight: 400;\">Teatre<\/span><span style=\"font-weight: 400;\">: Es fa joc dram\u00e0tic.<\/span><\/p>\n<p><span style=\"font-weight: 400;\">Circ<\/span><span style=\"font-weight: 400;\">: Es prepara el material i despr\u00e9s es fa l&#8217;activitat proposada.<\/span><\/p>\n<p><span style=\"font-weight: 400;\">Reciclatge<\/span><span style=\"font-weight: 400;\">: Aprenem a reutilitzar materials.\u00a0<\/span><\/p>\n<p><span style=\"font-weight: 400;\">Jard\u00ed<\/span><span style=\"font-weight: 400;\">: Netegen i adeq\u00fcen els jardins de l\u2019escola.\u00a0<\/span><\/p>\n<p><span style=\"font-weight: 400;\">Rob\u00f2tica: <\/span><span style=\"font-weight: 400;\">Aprenen a utilitzar dos robots que tenim a l\u2019escola.<\/span><\/p>\n<p><span style=\"font-weight: 400;\">Ambientaci\u00f3<\/span><span style=\"font-weight: 400;\">: Decorem l\u2019escola segons l&#8217;\u00e8poca de l\u2019any.<\/span><\/p>\n<p><span style=\"font-weight: 400;\">Aquest tallers es fan amb 6 grups i cada grup fa un taller diferent, per\u00f2 cada tres setmanes canviem de taller. A cada grup hi ha 13\/14 persones, ho fem amb padrins i fillols. Ho fem des de p3 fins 6\u00e8.<\/span><\/p>\n<p><span style=\"font-weight: 400;\">A quasi tots els nens de l&#8217;escola agrada molt.\u00a0<\/span><\/p>\n<p><i><span style=\"font-weight: 400;\">Reporters: Pol i Laura.<\/span><\/i><\/p>\n<p><span style=\"font-weight: 400;\"><strong>IMATGES<\/strong>\u00a0 \u00a0\u00a0<\/span><\/p>\n<p><a href=\"https:\/\/drive.google.com\/drive\/folders\/1AnuBnBNzsKS_v8QQjBOB5ep6GS1NCj92\">IMATGES DELS TALLERS<\/a><\/p>\n","protected":false},"excerpt":{"rendered":"<p>M\u00e9s not\u00edcies dels nostres reporters de cicle superior sobre els tallers intercicles i imatges al final dels articles!<br \/>\n\u00a0 \u00a0TALLERS D\u2019INTERCICLES<br \/>\nEls nens i nenes de l\u2019escola d\u2019Agullana han comen\u00e7at ha fer tallers d\u2019intercicles amb padrins i fillols.<br \/>\n1-ROB\u00d3TICA: manegem uns robots que s\u2019anomenen DASH i DOT<br \/>\n2-JARDINERIA:Plantem plantes&hellip;  <a href=\"https:\/\/agora.xtec.cat\/zer-les-salines\/portada\/tallers-intercicle-en-marxa\/\" title=\"Read Tallers intercicle en marxa!\">Llegeix m\u00e9s\u00bb<\/a><\/p>\n","protected":false},"author":1,"featured_media":0,"comment_status":"open","ping_status":"closed","sticky":false,"template":"","format":"standard","meta":{"_bbp_topic_count":0,"_bbp_reply_count":0,"_bbp_total_topic_count":0,"_bbp_total_reply_count":0,"_bbp_voice_count":0,"_bbp_anonymous_reply_count":0,"_bbp_topic_count_hidden":0,"_bbp_reply_count_hidden":0,"_bbp_forum_subforum_count":0,"footnotes":""},"categories":[29],"tags":[404,188,355],"class_list":["post-2173","post","type-post","status-publish","format-standard","hentry","category-portada","tag-tardor","tag-agullana","tag-curs-22-23"],"post_mailing_queue_ids":[],"_links":{"self":[{"href":"https:\/\/agora.xtec.cat\/zer-les-salines\/wp-json\/wp\/v2\/posts\/2173","targetHints":{"allow":["GET"]}}],"collection":[{"href":"https:\/\/agora.xtec.cat\/zer-les-salines\/wp-json\/wp\/v2\/posts"}],"about":[{"href":"https:\/\/agora.xtec.cat\/zer-les-salines\/wp-json\/wp\/v2\/types\/post"}],"author":[{"embeddable":true,"href":"https:\/\/agora.xtec.cat\/zer-les-salines\/wp-json\/wp\/v2\/users\/1"}],"replies":[{"embeddable":true,"href":"https:\/\/agora.xtec.cat\/zer-les-salines\/wp-json\/wp\/v2\/comments?post=2173"}],"version-history":[{"count":3,"href":"https:\/\/agora.xtec.cat\/zer-les-salines\/wp-json\/wp\/v2\/posts\/2173\/revisions"}],"predecessor-version":[{"id":2182,"href":"https:\/\/agora.xtec.cat\/zer-les-salines\/wp-json\/wp\/v2\/posts\/2173\/revisions\/2182"}],"wp:attachment":[{"href":"https:\/\/agora.xtec.cat\/zer-les-salines\/wp-json\/wp\/v2\/media?parent=2173"}],"wp:term":[{"taxonomy":"category","embeddable":true,"href":"https:\/\/agora.xtec.cat\/zer-les-salines\/wp-json\/wp\/v2\/categories?post=2173"},{"taxonomy":"post_tag","embeddable":true,"href":"https:\/\/agora.xtec.cat\/zer-les-salines\/wp-json\/wp\/v2\/tags?post=2173"}],"curies":[{"name":"wp","href":"https:\/\/api.w.org\/{rel}","templated":true}]}}