{"id":2169,"date":"2022-12-06T20:35:14","date_gmt":"2022-12-06T19:35:14","guid":{"rendered":"https:\/\/agora.xtec.cat\/zer-les-salines\/?p=2169"},"modified":"2022-12-06T20:50:22","modified_gmt":"2022-12-06T19:50:22","slug":"gaudim-junts-a-la-jornada-de-convivencia","status":"publish","type":"post","link":"https:\/\/agora.xtec.cat\/zer-les-salines\/general\/gaudim-junts-a-la-jornada-de-convivencia\/","title":{"rendered":"Gaudim junts a la Jornada de Conviv\u00e8ncia"},"content":{"rendered":"<p>Aquest any l&#8217;AFA ens ha regalat un viatge per a tota l&#8217;escola a Sant Mart\u00ed. d&#8217;Emp\u00faries. All\u00e0 hem fet el bateig de padrins i fillols. Un dia s\u00faper! Gr\u00e0cies fam\u00eelies!.<\/p>\n<p>Aqu\u00ed us deixem els articles fets pels reporters de cicle superior i les imatges del dia al final dels articles:<\/p>\n<p><strong>JORNADA DE CONVIV\u00c8NCIA\u00a0<\/strong><\/p>\n<p><span style=\"font-weight: 400\">El dia 13 d\u2019octubre de 2022, els alumnes de l\u2019escola d\u2019Agullana Llu\u00eds Mari\u00e0 Vidal, van anar amb bus fins a Sant Mart\u00ed d\u2019Emp\u00faries. Hi van anar per fer una jornada de conviv\u00e8ncia i per passar temps amb els companys.<\/span><\/p>\n<p><span style=\"font-weight: 400\">Quan van arribar tots, van anar a esmorzar a la platja i van estar jugant a la sorra. M\u00e9s tard es van posar amb el seu grup i van anar a fer una volta caminant per con\u00e8ixer l&#8217;entorn. Despr\u00e9s van anar a la platja a mullar-se els peus, jugar i escriure a la llibreta de camp. Tot seguit es van trobar tots en una pineda i all\u00e0 van dinar. Quan van acabar van fer el bateig de padrins i fillols, i van anar a fer una volta pel poble tots junts.<\/span><\/p>\n<p><span style=\"font-weight: 400\">Als nens els va agradar molt fer una sortida amb tota l\u2019escola.<\/span><\/p>\n<p><i><span style=\"font-weight: 400\">Reporters Pep i Eva<\/span><\/i><\/p>\n<hr \/>\n<p><strong>LA JORNADA DE CONVIV\u00c8NCIA\u00a0<\/strong><\/p>\n<p><span style=\"font-weight: 400\">El 13 d&#8217;octubre passat els alumnes de l\u2019escola d\u2019Agullana vam anar a st.Mart\u00ed d&#8217;Emp\u00faries. Vam anar a la platja a esmorzar i vam jugar amb la sorra<\/span><span style=\"font-weight: 400\">\u00a0 \u00a0 \u00a0 \u00a0 \u00a0 \u00a0 \u00a0 \u00a0 \u00a0 \u00a0 \u00a0 \u00a0 \u00a0 \u00a0 \u00a0 \u00a0 <\/span><span style=\"font-weight: 400\">Ens va agradar perqu\u00e8 vam poder ficar els peus dintre de l\u2019aigua. Vam escriure a la llibreta\u00a0 de camp i ens van explicar moltes coses, com que els grecs van venir a buscar ferro.<\/span><\/p>\n<p><span style=\"font-weight: 400\">A la tarda vam fer el bateig de padrins i fillols. Vam fer un recorregut pel poble amb els fillols. Despr\u00e9s de fer el recorregut vam jugar amb els nostres fillols.<\/span><\/p>\n<p><i><span style=\"font-weight: 400\">Reporters: Cl\u00f3e i Marc<\/span><\/i><\/p>\n<p><strong>IMATGES<\/strong>:<\/p>\n<p><a href=\"https:\/\/drive.google.com\/drive\/folders\/1AjI7Wxg4dTP98TD-shzDV5Q0STJfil3I\">FOTOS JORNADA CONVIV\u00c8NCIA<\/a><\/p>\n","protected":false},"excerpt":{"rendered":"<p>Aquest any l&#8217;AFA ens ha regalat un viatge per a tota l&#8217;escola a Sant Mart\u00ed. d&#8217;Emp\u00faries. All\u00e0 hem fet el bateig de padrins i fillols. Un dia s\u00faper! Gr\u00e0cies fam\u00eelies!.<br \/>\nAqu\u00ed us deixem els articles fets pels reporters de cicle superior i les imatges del dia&hellip;  <a href=\"https:\/\/agora.xtec.cat\/zer-les-salines\/general\/gaudim-junts-a-la-jornada-de-convivencia\/\" title=\"Read Gaudim junts a la Jornada de Conviv\u00e8ncia\">Llegeix m\u00e9s\u00bb<\/a><\/p>\n","protected":false},"author":1,"featured_media":0,"comment_status":"open","ping_status":"closed","sticky":false,"template":"","format":"standard","meta":{"_bbp_topic_count":0,"_bbp_reply_count":0,"_bbp_total_topic_count":0,"_bbp_total_reply_count":0,"_bbp_voice_count":0,"_bbp_anonymous_reply_count":0,"_bbp_topic_count_hidden":0,"_bbp_reply_count_hidden":0,"_bbp_forum_subforum_count":0,"footnotes":""},"categories":[1,29],"tags":[],"class_list":["post-2169","post","type-post","status-publish","format-standard","hentry","category-general","category-portada"],"post_mailing_queue_ids":[],"_links":{"self":[{"href":"https:\/\/agora.xtec.cat\/zer-les-salines\/wp-json\/wp\/v2\/posts\/2169","targetHints":{"allow":["GET"]}}],"collection":[{"href":"https:\/\/agora.xtec.cat\/zer-les-salines\/wp-json\/wp\/v2\/posts"}],"about":[{"href":"https:\/\/agora.xtec.cat\/zer-les-salines\/wp-json\/wp\/v2\/types\/post"}],"author":[{"embeddable":true,"href":"https:\/\/agora.xtec.cat\/zer-les-salines\/wp-json\/wp\/v2\/users\/1"}],"replies":[{"embeddable":true,"href":"https:\/\/agora.xtec.cat\/zer-les-salines\/wp-json\/wp\/v2\/comments?post=2169"}],"version-history":[{"count":3,"href":"https:\/\/agora.xtec.cat\/zer-les-salines\/wp-json\/wp\/v2\/posts\/2169\/revisions"}],"predecessor-version":[{"id":2176,"href":"https:\/\/agora.xtec.cat\/zer-les-salines\/wp-json\/wp\/v2\/posts\/2169\/revisions\/2176"}],"wp:attachment":[{"href":"https:\/\/agora.xtec.cat\/zer-les-salines\/wp-json\/wp\/v2\/media?parent=2169"}],"wp:term":[{"taxonomy":"category","embeddable":true,"href":"https:\/\/agora.xtec.cat\/zer-les-salines\/wp-json\/wp\/v2\/categories?post=2169"},{"taxonomy":"post_tag","embeddable":true,"href":"https:\/\/agora.xtec.cat\/zer-les-salines\/wp-json\/wp\/v2\/tags?post=2169"}],"curies":[{"name":"wp","href":"https:\/\/api.w.org\/{rel}","templated":true}]}}