{"id":2160,"date":"2022-12-06T17:52:37","date_gmt":"2022-12-06T16:52:37","guid":{"rendered":"https:\/\/agora.xtec.cat\/zer-les-salines\/?p=2160"},"modified":"2022-12-06T21:08:51","modified_gmt":"2022-12-06T20:08:51","slug":"celebracions-de-tardor-a-agullana","status":"publish","type":"post","link":"https:\/\/agora.xtec.cat\/zer-les-salines\/general\/celebracions-de-tardor-a-agullana\/","title":{"rendered":"Celebracions de Tardor a Agullana"},"content":{"rendered":"<p>A l&#8217;escola hem celebrat la\u00a0 Castanyada com cal i hem gaudit i apr\u00e8s molt. Aqu\u00ed us deixem uns articles fets pels reporters de cicle superior explicant-vos-ho i al final dels articles uns enlla\u00e7os a les imatges:<\/p>\n<p><i><span style=\"font-weight: 400\">ANEM<\/span><\/i><i><span style=\"font-weight: 400\"> A <\/span><\/i><i><span style=\"font-weight: 400\">COLLIR <\/span><\/i><i><span style=\"font-weight: 400\">CASTANYES<\/span><\/i><i><span style=\"font-weight: 400\"> A <\/span><\/i><i><span style=\"font-weight: 400\">LA <\/span><\/i><i><span style=\"font-weight: 400\">VAJOL<\/span><\/i><\/p>\n<p><span style=\"font-weight: 400\">Aquest dijous 30 de novembre vam anar a collir castanyes a la Vajol.<\/span><\/p>\n<p><span style=\"font-weight: 400\">Vam anar d\u2019Agullana a la Vajol amb autocar, asseguts junts els padrins amb els fillols.<\/span><\/p>\n<p><span style=\"font-weight: 400\">Vam anar des de la Vajol fins al coll de Manrella collint castanyes. Quan vam arribar al coll de Manrella, vam esmorzar tots plegats. Despr\u00e9s d\u2019esmorzar, amb els grups d\u2019intercicles, vam fer <\/span><b><i>LAND ART<\/i><\/b><i><span style=\"font-weight: 400\">.<\/span><\/i><span style=\"font-weight: 400\">\u00a0<\/span><\/p>\n<p><span style=\"font-weight: 400\">El LAND ART consisteix en fer art al terra.<\/span><\/p>\n<p><span style=\"font-weight: 400\">Despr\u00e9s de fer el LAND ART, els alumnes d\u2019infantil i de cicle inicial van<\/span> <span style=\"font-weight: 400\">baixar amb bus fins a Agullana<\/span><i><span style=\"font-weight: 400\">. <\/span><\/i><span style=\"font-weight: 400\">Els m\u00e9s grans ( Cicle Mitj\u00e0 i Cicle Superior ) vam baixar fins a Santa Eug\u00e8nia caminant. All\u00e0 vam dinar i vam fer la llibreta de camp.<\/span><\/p>\n<p><span style=\"font-weight: 400\">Al cap d\u2019una hora vam continuar baixant des de Santa Eug\u00e8nia fins a l\u2019escola.<\/span><\/p>\n<p><span style=\"font-weight: 400\">Una cosa que vam aprendre \u00e9s el nom del bolet m\u00e9s toxic del m\u00f3n, la farinera borda!<\/span><\/p>\n<p><span style=\"font-weight: 400\">Reporters: Quim i Aina<\/span><\/p>\n<hr \/>\n<p><b>La Castanyada<\/b><\/p>\n<p><span style=\"font-weight: 400\">El dia 3 i 4 de novembre a l\u2019escola d\u2019Agullana es va celebrar la castanyada.<\/span><\/p>\n<p><span style=\"font-weight: 400\">El dia 3 de novembre els nens i nenes de l&#8217;escola van anar a buscar castanyes a La Vajol. Els alumnes van anar amb padrins i fillols. Quan van arribar al Coll de la Manrella van esmorzar. Despr\u00e9s d&#8217;esmorzar van fer una activitat de<\/span> <b><i>landart<\/i><\/b><span style=\"font-weight: 400\">. Tot seguit els alumnes de 3r fins a 6\u00e8 van baixar caminant fins a Santa Eug\u00e8nia i van dinar all\u00e0. Quan van acabar de dinar van tornar caminant a l\u2019escola.<\/span><\/p>\n<p><span style=\"font-weight: 400\">Al dia seg\u00fcent, 4 de novembre, van celebrar la castanyada. Al mat\u00ed van fer panellets amb padrins i fillols. Quan els van acabar, els de 6\u00e8 els van portar a la fleca (el forn). I quan ja estaven cuits els van anar a buscar.Per la tarda van fer els farcellets dels panellets. Quan tothom tenia els panellets van sortir al pati. Els de 6\u00e8 van fer una animaci\u00f3.\u00a0 I en acabar tothom va menjar les castanyes que els pares de l\u2019AFA havien torrat. <\/span><span style=\"font-weight: 400\">Als alumnes de l\u2019escola els van agradar molt aquells dies.\u00a0<\/span><\/p>\n<p><i><span style=\"font-weight: 400\">Reporters: Huda i Cesc<\/span><\/i><span style=\"font-weight: 400\">\u00a0 \u00a0 \u00a0 \u00a0<\/span><\/p>\n<p><span style=\"font-weight: 400\"><strong>Imatges<\/strong>:<\/span><\/p>\n<p><del><a href=\"https:\/\/drive.google.com\/drive\/folders\/142rOltbqrTLPfQS7_codBUhDjAnhaqGK\">FOTOS COLLINT CASTANYES<\/a><\/del><\/p>\n<p style=\"text-align: justify\"><a href=\"https:\/\/drive.google.com\/drive\/folders\/14CS0MdhNx90UJEHOE5sI2w5r9r84yDfK\">FOTOS FENT PANELLETS<\/a><\/p>\n<p>&nbsp;<\/p>\n","protected":false},"excerpt":{"rendered":"<p>A l&#8217;escola hem celebrat la\u00a0 Castanyada com cal i hem gaudit i apr\u00e8s molt. Aqu\u00ed us deixem uns articles fets pels reporters de cicle superior explicant-vos-ho i al final dels articles uns enlla\u00e7os a les imatges:<br \/>\nANEM A COLLIR CASTANYES A LA VAJOL<br \/>\nAquest dijous 30 de&hellip;  <a href=\"https:\/\/agora.xtec.cat\/zer-les-salines\/general\/celebracions-de-tardor-a-agullana\/\" title=\"Read Celebracions de Tardor a Agullana\">Llegeix m\u00e9s\u00bb<\/a><\/p>\n","protected":false},"author":1,"featured_media":0,"comment_status":"open","ping_status":"closed","sticky":false,"template":"","format":"standard","meta":{"_bbp_topic_count":0,"_bbp_reply_count":0,"_bbp_total_topic_count":0,"_bbp_total_reply_count":0,"_bbp_voice_count":0,"_bbp_anonymous_reply_count":0,"_bbp_topic_count_hidden":0,"_bbp_reply_count_hidden":0,"_bbp_forum_subforum_count":0,"footnotes":""},"categories":[1,29],"tags":[],"class_list":["post-2160","post","type-post","status-publish","format-standard","hentry","category-general","category-portada"],"post_mailing_queue_ids":[],"_links":{"self":[{"href":"https:\/\/agora.xtec.cat\/zer-les-salines\/wp-json\/wp\/v2\/posts\/2160","targetHints":{"allow":["GET"]}}],"collection":[{"href":"https:\/\/agora.xtec.cat\/zer-les-salines\/wp-json\/wp\/v2\/posts"}],"about":[{"href":"https:\/\/agora.xtec.cat\/zer-les-salines\/wp-json\/wp\/v2\/types\/post"}],"author":[{"embeddable":true,"href":"https:\/\/agora.xtec.cat\/zer-les-salines\/wp-json\/wp\/v2\/users\/1"}],"replies":[{"embeddable":true,"href":"https:\/\/agora.xtec.cat\/zer-les-salines\/wp-json\/wp\/v2\/comments?post=2160"}],"version-history":[{"count":4,"href":"https:\/\/agora.xtec.cat\/zer-les-salines\/wp-json\/wp\/v2\/posts\/2160\/revisions"}],"predecessor-version":[{"id":2180,"href":"https:\/\/agora.xtec.cat\/zer-les-salines\/wp-json\/wp\/v2\/posts\/2160\/revisions\/2180"}],"wp:attachment":[{"href":"https:\/\/agora.xtec.cat\/zer-les-salines\/wp-json\/wp\/v2\/media?parent=2160"}],"wp:term":[{"taxonomy":"category","embeddable":true,"href":"https:\/\/agora.xtec.cat\/zer-les-salines\/wp-json\/wp\/v2\/categories?post=2160"},{"taxonomy":"post_tag","embeddable":true,"href":"https:\/\/agora.xtec.cat\/zer-les-salines\/wp-json\/wp\/v2\/tags?post=2160"}],"curies":[{"name":"wp","href":"https:\/\/api.w.org\/{rel}","templated":true}]}}