{"id":2157,"date":"2022-12-02T20:00:43","date_gmt":"2022-12-02T19:00:43","guid":{"rendered":"https:\/\/agora.xtec.cat\/zer-les-salines\/?p=2157"},"modified":"2022-12-02T20:09:19","modified_gmt":"2022-12-02T19:09:19","slug":"acrobacies","status":"publish","type":"post","link":"https:\/\/agora.xtec.cat\/zer-les-salines\/portada\/acrobacies\/","title":{"rendered":"Acrob\u00e0cies!"},"content":{"rendered":"<p>A principi de curs l&#8217;alumnat de cicle mitj\u00e0 i cicle superior tenien un repte per superar: crear un petit espectacle d&#8217;acrob\u00e0cies. Durant bona part d&#8217;aquest trimestre han estat aprenent a fer gimn\u00e0stica acrob\u00e0tica i a treballar en equip, entre altres.<\/p>\n<p>Prepareu el sof\u00e0, la manta i les crispetes&#8230; esperem que en gaudiu!<\/p>\n<p><span style=\"text-decoration: underline;\"><a href=\"https:\/\/drive.google.com\/drive\/folders\/1p47nvZybOLWpwd0sbWNPHW73FytqKeJv?usp=sharing\">Espectacles d&#8217;acrob\u00e0cia<\/a><\/span>*<\/p>\n<p><span style=\"text-decoration: underline;\"><a href=\"https:\/\/drive.google.com\/drive\/folders\/1-hm2wgA5_4wUdTN4MpRB1qQLNNEIWz_v?usp=sharing\">Fotografies preparaci\u00f3<\/a><\/span><\/p>\n<p><strong><sup>Recordeu que per poder veure els v\u00eddeos i les fotografies haureu d&#8217;accedir amb l&#8217;usuari i la contrasenya del vostre fill o de la vostra filla del domini zerlessalines.cat<\/sup><\/strong><\/p>\n<p><sub>*Falta gravar un espectacle, el grup 1. Quan tothom estigui recuperat, el gravarem i el publicarem tamb\u00e9!<\/sub><\/p>\n<p>&nbsp;<\/p>\n","protected":false},"excerpt":{"rendered":"<p>A principi de curs l&#8217;alumnat de cicle mitj\u00e0 i cicle superior tenien un repte per superar: crear un petit espectacle d&#8217;acrob\u00e0cies. Durant bona part d&#8217;aquest trimestre han estat aprenent a fer gimn\u00e0stica acrob\u00e0tica i a treballar en equip, entre altres.<br \/>\nPrepareu el sof\u00e0, la manta i&hellip;  <a href=\"https:\/\/agora.xtec.cat\/zer-les-salines\/portada\/acrobacies\/\" title=\"Read Acrob\u00e0cies!\">Llegeix m\u00e9s\u00bb<\/a><\/p>\n","protected":false},"author":3,"featured_media":2158,"comment_status":"open","ping_status":"closed","sticky":false,"template":"","format":"standard","meta":{"_bbp_topic_count":0,"_bbp_reply_count":0,"_bbp_total_topic_count":0,"_bbp_total_reply_count":0,"_bbp_voice_count":0,"_bbp_anonymous_reply_count":0,"_bbp_topic_count_hidden":0,"_bbp_reply_count_hidden":0,"_bbp_forum_subforum_count":0,"footnotes":""},"categories":[125,120,29],"tags":[408,257,355,238,407],"class_list":["post-2157","post","type-post","status-publish","format-standard","has-post-thumbnail","hentry","category-activitatszer","category-ef","category-portada","tag-acrobacies","tag-activitat-fisica","tag-curs-22-23","tag-ef","tag-projecte-circ"],"post_mailing_queue_ids":[],"_links":{"self":[{"href":"https:\/\/agora.xtec.cat\/zer-les-salines\/wp-json\/wp\/v2\/posts\/2157","targetHints":{"allow":["GET"]}}],"collection":[{"href":"https:\/\/agora.xtec.cat\/zer-les-salines\/wp-json\/wp\/v2\/posts"}],"about":[{"href":"https:\/\/agora.xtec.cat\/zer-les-salines\/wp-json\/wp\/v2\/types\/post"}],"author":[{"embeddable":true,"href":"https:\/\/agora.xtec.cat\/zer-les-salines\/wp-json\/wp\/v2\/users\/3"}],"replies":[{"embeddable":true,"href":"https:\/\/agora.xtec.cat\/zer-les-salines\/wp-json\/wp\/v2\/comments?post=2157"}],"version-history":[{"count":1,"href":"https:\/\/agora.xtec.cat\/zer-les-salines\/wp-json\/wp\/v2\/posts\/2157\/revisions"}],"predecessor-version":[{"id":2159,"href":"https:\/\/agora.xtec.cat\/zer-les-salines\/wp-json\/wp\/v2\/posts\/2157\/revisions\/2159"}],"wp:featuredmedia":[{"embeddable":true,"href":"https:\/\/agora.xtec.cat\/zer-les-salines\/wp-json\/wp\/v2\/media\/2158"}],"wp:attachment":[{"href":"https:\/\/agora.xtec.cat\/zer-les-salines\/wp-json\/wp\/v2\/media?parent=2157"}],"wp:term":[{"taxonomy":"category","embeddable":true,"href":"https:\/\/agora.xtec.cat\/zer-les-salines\/wp-json\/wp\/v2\/categories?post=2157"},{"taxonomy":"post_tag","embeddable":true,"href":"https:\/\/agora.xtec.cat\/zer-les-salines\/wp-json\/wp\/v2\/tags?post=2157"}],"curies":[{"name":"wp","href":"https:\/\/api.w.org\/{rel}","templated":true}]}}