{"id":2135,"date":"2022-11-09T19:00:43","date_gmt":"2022-11-09T18:00:43","guid":{"rendered":"https:\/\/agora.xtec.cat\/zer-les-salines\/?p=2135"},"modified":"2022-11-09T12:07:47","modified_gmt":"2022-11-09T11:07:47","slug":"festa-major-a-macanet-de-cabrenys","status":"publish","type":"post","link":"https:\/\/agora.xtec.cat\/zer-les-salines\/portada\/festa-major-a-macanet-de-cabrenys\/","title":{"rendered":"Festa Major a Ma\u00e7anet de Cabrenys"},"content":{"rendered":"<p>Benvolgudes fam\u00edlies,<\/p>\n<p>El proper cap de setmana \u00e9s la festa major de Sant Mart\u00ed a Ma\u00e7anet de Cabrenys.<\/p>\n<p>Us deixem el programa amb els actes que es faran els propers dies: 11,12,13 i 14 de novembre.<\/p>\n<p><a href=\"https:\/\/agora.xtec.cat\/zer-les-salines\/wp-content\/uploads\/usu1080\/2022\/11\/PHOTO-2022-11-07-19-34-33.jpg\"><img loading=\"lazy\" decoding=\"async\" class=\"aligncenter size-large wp-image-2136\" src=\"https:\/\/agora.xtec.cat\/zer-les-salines\/wp-content\/uploads\/usu1080\/2022\/11\/PHOTO-2022-11-07-19-34-33-718x1024.jpg\" alt=\"\" width=\"718\" height=\"1024\" srcset=\"https:\/\/agora.xtec.cat\/zer-les-salines\/wp-content\/uploads\/usu1080\/2022\/11\/PHOTO-2022-11-07-19-34-33-718x1024.jpg 718w, https:\/\/agora.xtec.cat\/zer-les-salines\/wp-content\/uploads\/usu1080\/2022\/11\/PHOTO-2022-11-07-19-34-33-210x300.jpg 210w, https:\/\/agora.xtec.cat\/zer-les-salines\/wp-content\/uploads\/usu1080\/2022\/11\/PHOTO-2022-11-07-19-34-33-768x1095.jpg 768w, https:\/\/agora.xtec.cat\/zer-les-salines\/wp-content\/uploads\/usu1080\/2022\/11\/PHOTO-2022-11-07-19-34-33-1077x1536.jpg 1077w, https:\/\/agora.xtec.cat\/zer-les-salines\/wp-content\/uploads\/usu1080\/2022\/11\/PHOTO-2022-11-07-19-34-33.jpg 1122w\" sizes=\"auto, (max-width: 718px) 100vw, 718px\" \/><\/a><\/p>\n","protected":false},"excerpt":{"rendered":"<p>Benvolgudes fam\u00edlies,<br \/>\nEl proper cap de setmana \u00e9s la festa major de Sant Mart\u00ed a Ma\u00e7anet de Cabrenys.<br \/>\nUs deixem el programa amb els actes que es faran els propers dies: 11,12,13 i 14 de novembre.<br \/>\n<a href=\"https:\/\/agora.xtec.cat\/zer-les-salines\/wp-content\/uploads\/usu1080\/2022\/11\/PHOTO-2022-11-07-19-34-33.jpg\"><\/a><\/p>\n","protected":false},"author":1,"featured_media":2136,"comment_status":"open","ping_status":"closed","sticky":false,"template":"","format":"standard","meta":{"_bbp_topic_count":0,"_bbp_reply_count":0,"_bbp_total_topic_count":0,"_bbp_total_reply_count":0,"_bbp_voice_count":0,"_bbp_anonymous_reply_count":0,"_bbp_topic_count_hidden":0,"_bbp_reply_count_hidden":0,"_bbp_forum_subforum_count":0,"footnotes":""},"categories":[114,227,29],"tags":[355,403,222],"class_list":["post-2135","post","type-post","status-publish","format-standard","has-post-thumbnail","hentry","category-blog-escola-lessalines","category-families","category-portada","tag-curs-22-23","tag-festa-major","tag-macanet"],"post_mailing_queue_ids":[],"_links":{"self":[{"href":"https:\/\/agora.xtec.cat\/zer-les-salines\/wp-json\/wp\/v2\/posts\/2135","targetHints":{"allow":["GET"]}}],"collection":[{"href":"https:\/\/agora.xtec.cat\/zer-les-salines\/wp-json\/wp\/v2\/posts"}],"about":[{"href":"https:\/\/agora.xtec.cat\/zer-les-salines\/wp-json\/wp\/v2\/types\/post"}],"author":[{"embeddable":true,"href":"https:\/\/agora.xtec.cat\/zer-les-salines\/wp-json\/wp\/v2\/users\/1"}],"replies":[{"embeddable":true,"href":"https:\/\/agora.xtec.cat\/zer-les-salines\/wp-json\/wp\/v2\/comments?post=2135"}],"version-history":[{"count":1,"href":"https:\/\/agora.xtec.cat\/zer-les-salines\/wp-json\/wp\/v2\/posts\/2135\/revisions"}],"predecessor-version":[{"id":2137,"href":"https:\/\/agora.xtec.cat\/zer-les-salines\/wp-json\/wp\/v2\/posts\/2135\/revisions\/2137"}],"wp:featuredmedia":[{"embeddable":true,"href":"https:\/\/agora.xtec.cat\/zer-les-salines\/wp-json\/wp\/v2\/media\/2136"}],"wp:attachment":[{"href":"https:\/\/agora.xtec.cat\/zer-les-salines\/wp-json\/wp\/v2\/media?parent=2135"}],"wp:term":[{"taxonomy":"category","embeddable":true,"href":"https:\/\/agora.xtec.cat\/zer-les-salines\/wp-json\/wp\/v2\/categories?post=2135"},{"taxonomy":"post_tag","embeddable":true,"href":"https:\/\/agora.xtec.cat\/zer-les-salines\/wp-json\/wp\/v2\/tags?post=2135"}],"curies":[{"name":"wp","href":"https:\/\/api.w.org\/{rel}","templated":true}]}}