{"id":2058,"date":"2022-06-23T19:43:01","date_gmt":"2022-06-23T17:43:01","guid":{"rendered":"https:\/\/agora.xtec.cat\/zer-les-salines\/?p=2058"},"modified":"2022-06-23T19:43:01","modified_gmt":"2022-06-23T17:43:01","slug":"festa-de-la-zer-les-salines","status":"publish","type":"post","link":"https:\/\/agora.xtec.cat\/zer-les-salines\/portada\/festa-de-la-zer-les-salines\/","title":{"rendered":"Festa de la ZER Les Salines"},"content":{"rendered":"<p>Hola a tothom!<\/p>\n<p>El passat 3 de juny, despr\u00e9s de dos cursos sense poder-ho fer, vam celebrar la festa de la ZER!<\/p>\n<p>Aquest curs la comissi\u00f3 de festes va preparar una joc de pistes per con\u00e8ixer una mica m\u00e9s el poble d&#8217;Agullana i la ZER. Vam acabar dinant a La Conc\u00f2rdia i acomiadant els nens i nenes de sis\u00e8.<\/p>\n<p>Us deixem amb algunes <a href=\"https:\/\/drive.google.com\/drive\/folders\/1_Bu74j4lm4oA9Q2kNxL0VrV84nJwwzBU?usp=sharing\">fotografies<\/a> de la festa.<\/p>\n<p><sup>Recordeu que per accedir a les fotografies necessitareu tenir tots els usuaris d&#8217;altres correus electr\u00f2nics tancats i entrar amb l&#8217;usuari i contrasenya de zerlessalines.cat del vostre fill\/a.<\/sup><\/p>\n","protected":false},"excerpt":{"rendered":"<p>Hola a tothom!<br \/>\nEl passat 3 de juny, despr\u00e9s de dos cursos sense poder-ho fer, vam celebrar la festa de la ZER!<br \/>\nAquest curs la comissi\u00f3 de festes va preparar una joc de pistes per con\u00e8ixer una mica m\u00e9s el poble d&#8217;Agullana i la ZER. Vam acabar&hellip;  <a href=\"https:\/\/agora.xtec.cat\/zer-les-salines\/portada\/festa-de-la-zer-les-salines\/\" title=\"Read Festa de la ZER Les Salines\">Llegeix m\u00e9s\u00bb<\/a><\/p>\n","protected":false},"author":1,"featured_media":2060,"comment_status":"open","ping_status":"closed","sticky":false,"template":"","format":"standard","meta":{"_bbp_topic_count":0,"_bbp_reply_count":0,"_bbp_total_topic_count":0,"_bbp_total_reply_count":0,"_bbp_voice_count":0,"_bbp_anonymous_reply_count":0,"_bbp_topic_count_hidden":0,"_bbp_reply_count_hidden":0,"_bbp_forum_subforum_count":0,"footnotes":""},"categories":[125,29],"tags":[188,340,192],"class_list":["post-2058","post","type-post","status-publish","format-standard","has-post-thumbnail","hentry","category-activitatszer","category-portada","tag-agullana","tag-curs-21-22","tag-festa-zer"],"post_mailing_queue_ids":[],"_links":{"self":[{"href":"https:\/\/agora.xtec.cat\/zer-les-salines\/wp-json\/wp\/v2\/posts\/2058","targetHints":{"allow":["GET"]}}],"collection":[{"href":"https:\/\/agora.xtec.cat\/zer-les-salines\/wp-json\/wp\/v2\/posts"}],"about":[{"href":"https:\/\/agora.xtec.cat\/zer-les-salines\/wp-json\/wp\/v2\/types\/post"}],"author":[{"embeddable":true,"href":"https:\/\/agora.xtec.cat\/zer-les-salines\/wp-json\/wp\/v2\/users\/1"}],"replies":[{"embeddable":true,"href":"https:\/\/agora.xtec.cat\/zer-les-salines\/wp-json\/wp\/v2\/comments?post=2058"}],"version-history":[{"count":3,"href":"https:\/\/agora.xtec.cat\/zer-les-salines\/wp-json\/wp\/v2\/posts\/2058\/revisions"}],"predecessor-version":[{"id":2062,"href":"https:\/\/agora.xtec.cat\/zer-les-salines\/wp-json\/wp\/v2\/posts\/2058\/revisions\/2062"}],"wp:featuredmedia":[{"embeddable":true,"href":"https:\/\/agora.xtec.cat\/zer-les-salines\/wp-json\/wp\/v2\/media\/2060"}],"wp:attachment":[{"href":"https:\/\/agora.xtec.cat\/zer-les-salines\/wp-json\/wp\/v2\/media?parent=2058"}],"wp:term":[{"taxonomy":"category","embeddable":true,"href":"https:\/\/agora.xtec.cat\/zer-les-salines\/wp-json\/wp\/v2\/categories?post=2058"},{"taxonomy":"post_tag","embeddable":true,"href":"https:\/\/agora.xtec.cat\/zer-les-salines\/wp-json\/wp\/v2\/tags?post=2058"}],"curies":[{"name":"wp","href":"https:\/\/api.w.org\/{rel}","templated":true}]}}