{"id":2048,"date":"2022-05-29T20:48:54","date_gmt":"2022-05-29T18:48:54","guid":{"rendered":"https:\/\/agora.xtec.cat\/zer-les-salines\/?p=2048"},"modified":"2022-05-29T20:48:54","modified_gmt":"2022-05-29T18:48:54","slug":"sortida-ci-figueres","status":"publish","type":"post","link":"https:\/\/agora.xtec.cat\/zer-les-salines\/portada\/sortida-ci-figueres\/","title":{"rendered":"Sortida CI &#8211; Figueres"},"content":{"rendered":"<p>Benvolgudes fam\u00edlies,<\/p>\n<p>El passat 10 de maig les nenes i nens de cicle inicial de la ZER van anar a Figueres a fer tota una s\u00e8rie d&#8217;activitats: van anar a buscar les formigues d&#8217;en Dal\u00ed, el mercat, la biblioteca, el museu Dal\u00ed&#8230;<\/p>\n<p>Us deixem algunes <a href=\"https:\/\/drive.google.com\/drive\/folders\/1CbqSxRpTEE1eR-zpPPxMB1YTdQRozI2r?usp=sharing\">fotografies<\/a> de la sortida.<\/p>\n<p><sup>Recordeu que per accedir a les fotografies necessitareu tenir tots els usuaris d&#8217;altres correus electr\u00f2nics tancats i entrar amb l&#8217;usuari i contrasenya de zerlessalines.cat del vostre fill\/a.<\/sup><\/p>\n","protected":false},"excerpt":{"rendered":"<p>Benvolgudes fam\u00edlies,<br \/>\nEl passat 10 de maig les nenes i nens de cicle inicial de la ZER van anar a Figueres a fer tota una s\u00e8rie d&#8217;activitats: van anar a buscar les formigues d&#8217;en Dal\u00ed, el mercat, la biblioteca, el museu Dal\u00ed&#8230;<br \/>\nUs deixem algunes <a href=\"https:\/\/drive.google.com\/drive\/folders\/1CbqSxRpTEE1eR-zpPPxMB1YTdQRozI2r?usp=sharing\">fotografies<\/a>&hellip;  <a href=\"https:\/\/agora.xtec.cat\/zer-les-salines\/portada\/sortida-ci-figueres\/\" title=\"Read Sortida CI &#8211; Figueres\">Llegeix m\u00e9s\u00bb<\/a><\/p>\n","protected":false},"author":1,"featured_media":2049,"comment_status":"open","ping_status":"closed","sticky":false,"template":"","format":"standard","meta":{"_bbp_topic_count":0,"_bbp_reply_count":0,"_bbp_total_topic_count":0,"_bbp_total_reply_count":0,"_bbp_voice_count":0,"_bbp_anonymous_reply_count":0,"_bbp_topic_count_hidden":0,"_bbp_reply_count_hidden":0,"_bbp_forum_subforum_count":0,"footnotes":""},"categories":[125,29],"tags":[397,368,340,396],"class_list":["post-2048","post","type-post","status-publish","format-standard","has-post-thumbnail","hentry","category-activitatszer","category-portada","tag-ci","tag-comarca","tag-curs-21-22","tag-figueres"],"post_mailing_queue_ids":[],"_links":{"self":[{"href":"https:\/\/agora.xtec.cat\/zer-les-salines\/wp-json\/wp\/v2\/posts\/2048","targetHints":{"allow":["GET"]}}],"collection":[{"href":"https:\/\/agora.xtec.cat\/zer-les-salines\/wp-json\/wp\/v2\/posts"}],"about":[{"href":"https:\/\/agora.xtec.cat\/zer-les-salines\/wp-json\/wp\/v2\/types\/post"}],"author":[{"embeddable":true,"href":"https:\/\/agora.xtec.cat\/zer-les-salines\/wp-json\/wp\/v2\/users\/1"}],"replies":[{"embeddable":true,"href":"https:\/\/agora.xtec.cat\/zer-les-salines\/wp-json\/wp\/v2\/comments?post=2048"}],"version-history":[{"count":1,"href":"https:\/\/agora.xtec.cat\/zer-les-salines\/wp-json\/wp\/v2\/posts\/2048\/revisions"}],"predecessor-version":[{"id":2050,"href":"https:\/\/agora.xtec.cat\/zer-les-salines\/wp-json\/wp\/v2\/posts\/2048\/revisions\/2050"}],"wp:featuredmedia":[{"embeddable":true,"href":"https:\/\/agora.xtec.cat\/zer-les-salines\/wp-json\/wp\/v2\/media\/2049"}],"wp:attachment":[{"href":"https:\/\/agora.xtec.cat\/zer-les-salines\/wp-json\/wp\/v2\/media?parent=2048"}],"wp:term":[{"taxonomy":"category","embeddable":true,"href":"https:\/\/agora.xtec.cat\/zer-les-salines\/wp-json\/wp\/v2\/categories?post=2048"},{"taxonomy":"post_tag","embeddable":true,"href":"https:\/\/agora.xtec.cat\/zer-les-salines\/wp-json\/wp\/v2\/tags?post=2048"}],"curies":[{"name":"wp","href":"https:\/\/api.w.org\/{rel}","templated":true}]}}