{"id":2045,"date":"2022-05-29T20:41:41","date_gmt":"2022-05-29T18:41:41","guid":{"rendered":"https:\/\/agora.xtec.cat\/zer-les-salines\/?p=2045"},"modified":"2022-05-29T20:41:41","modified_gmt":"2022-05-29T18:41:41","slug":"colonies-camping-bassegoda-park","status":"publish","type":"post","link":"https:\/\/agora.xtec.cat\/zer-les-salines\/portada\/colonies-camping-bassegoda-park\/","title":{"rendered":"Col\u00f2nies c\u00e0mping Bassegoda Park"},"content":{"rendered":"<p>Benvolgudes fam\u00edlies,<\/p>\n<p>La setmana del 16 al 20 de maig l&#8217;alumnat de cicle mitj\u00e0 i cicle superior van anar de col\u00f2nies al c\u00e0mping Bassegoda Park d&#8217;Albany\u00e0.<\/p>\n<p>Tots i totes en vam gaudir molt! Us deixem un recull de <a href=\"https:\/\/drive.google.com\/drive\/folders\/1JBdkCserSxoXrEKPySfK2Yf5D8YM_eSc?usp=sharing\">fotografies<\/a> de la setmana.<\/p>\n<p>&nbsp;<\/p>\n<p><sup>Recordeu que per accedir a les fotografies necessitareu tenir tots els usuaris d&#8217;altres correus electr\u00f2nics tancats i entrar amb l&#8217;usuari i contrasenya de zerlessalines.cat del vostre fill\/a.<\/sup><\/p>\n","protected":false},"excerpt":{"rendered":"<p>Benvolgudes fam\u00edlies,<br \/>\nLa setmana del 16 al 20 de maig l&#8217;alumnat de cicle mitj\u00e0 i cicle superior van anar de col\u00f2nies al c\u00e0mping Bassegoda Park d&#8217;Albany\u00e0.<br \/>\nTots i totes en vam gaudir molt! Us deixem un recull de <a href=\"https:\/\/drive.google.com\/drive\/folders\/1JBdkCserSxoXrEKPySfK2Yf5D8YM_eSc?usp=sharing\">fotografies<\/a> de la setmana.<br \/>\n&nbsp;<br \/>\nRecordeu que per accedir a&hellip;  <a href=\"https:\/\/agora.xtec.cat\/zer-les-salines\/portada\/colonies-camping-bassegoda-park\/\" title=\"Read Col\u00f2nies c\u00e0mping Bassegoda Park\">Llegeix m\u00e9s\u00bb<\/a><\/p>\n","protected":false},"author":1,"featured_media":2042,"comment_status":"open","ping_status":"closed","sticky":false,"template":"","format":"standard","meta":{"_bbp_topic_count":0,"_bbp_reply_count":0,"_bbp_total_topic_count":0,"_bbp_total_reply_count":0,"_bbp_voice_count":0,"_bbp_anonymous_reply_count":0,"_bbp_topic_count_hidden":0,"_bbp_reply_count_hidden":0,"_bbp_forum_subforum_count":0,"footnotes":""},"categories":[125,29],"tags":[395,393,394,391,392,340],"class_list":["post-2045","post","type-post","status-publish","format-standard","has-post-thumbnail","hentry","category-activitatszer","category-portada","tag-albanya","tag-camping","tag-camping-bassegoda-park","tag-colonies","tag-colonies-cmcs","tag-curs-21-22"],"post_mailing_queue_ids":[],"_links":{"self":[{"href":"https:\/\/agora.xtec.cat\/zer-les-salines\/wp-json\/wp\/v2\/posts\/2045","targetHints":{"allow":["GET"]}}],"collection":[{"href":"https:\/\/agora.xtec.cat\/zer-les-salines\/wp-json\/wp\/v2\/posts"}],"about":[{"href":"https:\/\/agora.xtec.cat\/zer-les-salines\/wp-json\/wp\/v2\/types\/post"}],"author":[{"embeddable":true,"href":"https:\/\/agora.xtec.cat\/zer-les-salines\/wp-json\/wp\/v2\/users\/1"}],"replies":[{"embeddable":true,"href":"https:\/\/agora.xtec.cat\/zer-les-salines\/wp-json\/wp\/v2\/comments?post=2045"}],"version-history":[{"count":2,"href":"https:\/\/agora.xtec.cat\/zer-les-salines\/wp-json\/wp\/v2\/posts\/2045\/revisions"}],"predecessor-version":[{"id":2047,"href":"https:\/\/agora.xtec.cat\/zer-les-salines\/wp-json\/wp\/v2\/posts\/2045\/revisions\/2047"}],"wp:featuredmedia":[{"embeddable":true,"href":"https:\/\/agora.xtec.cat\/zer-les-salines\/wp-json\/wp\/v2\/media\/2042"}],"wp:attachment":[{"href":"https:\/\/agora.xtec.cat\/zer-les-salines\/wp-json\/wp\/v2\/media?parent=2045"}],"wp:term":[{"taxonomy":"category","embeddable":true,"href":"https:\/\/agora.xtec.cat\/zer-les-salines\/wp-json\/wp\/v2\/categories?post=2045"},{"taxonomy":"post_tag","embeddable":true,"href":"https:\/\/agora.xtec.cat\/zer-les-salines\/wp-json\/wp\/v2\/tags?post=2045"}],"curies":[{"name":"wp","href":"https:\/\/api.w.org\/{rel}","templated":true}]}}