{"id":2028,"date":"2022-05-12T16:38:02","date_gmt":"2022-05-12T14:38:02","guid":{"rendered":"https:\/\/agora.xtec.cat\/zer-les-salines\/?p=2028"},"modified":"2022-05-12T16:38:02","modified_gmt":"2022-05-12T14:38:02","slug":"festa-del-sauc","status":"publish","type":"post","link":"https:\/\/agora.xtec.cat\/zer-les-salines\/portada\/festa-del-sauc\/","title":{"rendered":"Festa del SA\u00dcC"},"content":{"rendered":"<div>El dia 5 de juny de 2022 la Societat Escaulenca organitza la festa del Sa\u00fcc.<\/div>\n<div><\/div>\n<div>Us adjuntem el <a href=\"https:\/\/drive.google.com\/file\/d\/1L4jVdS2IUl2yjXmf5sN2Qf8r3u8rholh\/view?usp=sharing\">programa<\/a> i un <a href=\"https:\/\/drive.google.com\/file\/d\/1lWxCCi4kIQP-6LmFLY4GX04pliiBgGKe\/view?usp=sharing\">escrit<\/a> sobre el per qu\u00e8 fan aquesta festa.<\/div>\n<div><\/div>\n<div>Aquesta activitat la poden fer gr\u00e0cies a la col\u00b7laboraci\u00f3 volunt\u00e0ria de socis i s\u00f2cies, per\u00f2 els materials utilitzats i les actuacions musicals tenen un cost. Per aquest motiu la Societat Escaulenca tindr\u00e0 una parada on podreu trobar productes del SA\u00dcC i altres objectes elaborats per socis i s\u00f2cies.<\/div>\n<div><\/div>\n<div>Tamb\u00e9 a la parada hi haur\u00e0 una caixa de TAQUILLA INVERSA per a aportacions volunt\u00e0ries.<\/div>\n<div><\/div>\n<div>A m\u00e9s a m\u00e9s, estan preparant una mostra art\u00edstica de fotografies, dibuixos, pintures, etc. Si teniu pintures o dibuixos que voleu exposar, els podeu fer arribar al caf\u00e8 de la societat de les Escaules.<\/div>\n<div><\/div>\n<div>El termini m\u00e0xim \u00e9s el dia 22 de maig de 2022. Agrairien que els porteu amb el corresponent suport per penjar. Si no \u00e9s possible, els hi agradaria que els hi recoman\u00e9ssiu el suport adequat per a l\u2019exposici\u00f3 de la vostra obra.<\/div>\n<div><\/div>\n<div>Societat Escaulenca<\/div>\n<div><\/div>\n","protected":false},"excerpt":{"rendered":"<p>El dia 5 de juny de 2022 la Societat Escaulenca organitza la festa del Sa\u00fcc.<\/p>\n<p>Us adjuntem el <a href=\"https:\/\/drive.google.com\/file\/d\/1L4jVdS2IUl2yjXmf5sN2Qf8r3u8rholh\/view?usp=sharing\">programa<\/a> i un <a href=\"https:\/\/drive.google.com\/file\/d\/1lWxCCi4kIQP-6LmFLY4GX04pliiBgGKe\/view?usp=sharing\">escrit<\/a> sobre el per qu\u00e8 fan aquesta festa.<\/p>\n<p>Aquesta activitat la poden fer gr\u00e0cies a la col\u00b7laboraci\u00f3 volunt\u00e0ria de socis i s\u00f2cies, per\u00f2 els&hellip;  <a href=\"https:\/\/agora.xtec.cat\/zer-les-salines\/portada\/festa-del-sauc\/\" title=\"Read Festa del SA\u00dcC\">Llegeix m\u00e9s\u00bb<\/a><\/p>\n","protected":false},"author":1,"featured_media":2029,"comment_status":"open","ping_status":"closed","sticky":false,"template":"","format":"standard","meta":{"_bbp_topic_count":0,"_bbp_reply_count":0,"_bbp_total_topic_count":0,"_bbp_total_reply_count":0,"_bbp_voice_count":0,"_bbp_anonymous_reply_count":0,"_bbp_topic_count_hidden":0,"_bbp_reply_count_hidden":0,"_bbp_forum_subforum_count":0,"footnotes":""},"categories":[227,29],"tags":[380,371,381],"class_list":["post-2028","post","type-post","status-publish","format-standard","has-post-thumbnail","hentry","category-families","category-portada","tag-festa","tag-les-escaules","tag-sauc"],"post_mailing_queue_ids":[],"_links":{"self":[{"href":"https:\/\/agora.xtec.cat\/zer-les-salines\/wp-json\/wp\/v2\/posts\/2028","targetHints":{"allow":["GET"]}}],"collection":[{"href":"https:\/\/agora.xtec.cat\/zer-les-salines\/wp-json\/wp\/v2\/posts"}],"about":[{"href":"https:\/\/agora.xtec.cat\/zer-les-salines\/wp-json\/wp\/v2\/types\/post"}],"author":[{"embeddable":true,"href":"https:\/\/agora.xtec.cat\/zer-les-salines\/wp-json\/wp\/v2\/users\/1"}],"replies":[{"embeddable":true,"href":"https:\/\/agora.xtec.cat\/zer-les-salines\/wp-json\/wp\/v2\/comments?post=2028"}],"version-history":[{"count":1,"href":"https:\/\/agora.xtec.cat\/zer-les-salines\/wp-json\/wp\/v2\/posts\/2028\/revisions"}],"predecessor-version":[{"id":2030,"href":"https:\/\/agora.xtec.cat\/zer-les-salines\/wp-json\/wp\/v2\/posts\/2028\/revisions\/2030"}],"wp:featuredmedia":[{"embeddable":true,"href":"https:\/\/agora.xtec.cat\/zer-les-salines\/wp-json\/wp\/v2\/media\/2029"}],"wp:attachment":[{"href":"https:\/\/agora.xtec.cat\/zer-les-salines\/wp-json\/wp\/v2\/media?parent=2028"}],"wp:term":[{"taxonomy":"category","embeddable":true,"href":"https:\/\/agora.xtec.cat\/zer-les-salines\/wp-json\/wp\/v2\/categories?post=2028"},{"taxonomy":"post_tag","embeddable":true,"href":"https:\/\/agora.xtec.cat\/zer-les-salines\/wp-json\/wp\/v2\/tags?post=2028"}],"curies":[{"name":"wp","href":"https:\/\/api.w.org\/{rel}","templated":true}]}}