{"id":1957,"date":"2022-04-21T12:03:53","date_gmt":"2022-04-21T10:03:53","guid":{"rendered":"https:\/\/agora.xtec.cat\/zer-les-salines\/?p=1957"},"modified":"2022-04-23T09:16:45","modified_gmt":"2022-04-23T07:16:45","slug":"la-mona","status":"publish","type":"post","link":"https:\/\/agora.xtec.cat\/zer-les-salines\/general\/la-mona\/","title":{"rendered":"LA MONA"},"content":{"rendered":"<p><a href=\"https:\/\/agora.xtec.cat\/zer-les-salines\/wp-content\/uploads\/usu1080\/2022\/04\/IMG-20220408-WA0027-e1650535126486.jpg\"><img loading=\"lazy\" decoding=\"async\" class=\"aligncenter size-medium wp-image-1958\" src=\"https:\/\/agora.xtec.cat\/zer-les-salines\/wp-content\/uploads\/usu1080\/2022\/04\/IMG-20220408-WA0027-e1650535126486-300x225.jpg\" alt=\"\" width=\"300\" height=\"225\" srcset=\"https:\/\/agora.xtec.cat\/zer-les-salines\/wp-content\/uploads\/usu1080\/2022\/04\/IMG-20220408-WA0027-e1650535126486-300x225.jpg 300w, https:\/\/agora.xtec.cat\/zer-les-salines\/wp-content\/uploads\/usu1080\/2022\/04\/IMG-20220408-WA0027-e1650535126486-1024x768.jpg 1024w, https:\/\/agora.xtec.cat\/zer-les-salines\/wp-content\/uploads\/usu1080\/2022\/04\/IMG-20220408-WA0027-e1650535126486-768x576.jpg 768w, https:\/\/agora.xtec.cat\/zer-les-salines\/wp-content\/uploads\/usu1080\/2022\/04\/IMG-20220408-WA0027-e1650535126486-1536x1152.jpg 1536w, https:\/\/agora.xtec.cat\/zer-les-salines\/wp-content\/uploads\/usu1080\/2022\/04\/IMG-20220408-WA0027-e1650535126486-200x150.jpg 200w, https:\/\/agora.xtec.cat\/zer-les-salines\/wp-content\/uploads\/usu1080\/2022\/04\/IMG-20220408-WA0027-e1650535126486.jpg 1600w\" sizes=\"auto, (max-width: 300px) 100vw, 300px\" \/><\/a><\/p>\n<p><span style=\"font-weight: 400\">El divendres 8 d\u2019abril vam fer la mona a l\u2019escola. Cada classe va fer dues o tres mones. Els mestres van comprar els ingredients: pa de pessic, crema de xocolata, pollets, ous, plomes, fils de sucre de colors,&#8230;<\/span><\/p>\n<p><span style=\"font-weight: 400\">A les tres de la tarda cada classe va comen\u00e7ar a fer la mona. Quan totes les classes les vam tenir fetes, les vam posar a taules que ten\u00edem a fora i cadasc\u00fa va poder menjar el tros que va voler.<\/span><\/p>\n<p><span style=\"font-weight: 400\">Bon profit!<\/span><\/p>\n<p>Els nens i nenes de cicle inicial.<\/p>\n<p><a href=\"https:\/\/drive.google.com\/drive\/folders\/1F-TKRqQEteBvkBijweSDh1nq_1zJTWEP?usp=sharing\">AQU\u00cd TENIU LES IMATGES<\/a><\/p>\n","protected":false},"excerpt":{"rendered":"<p><a href=\"https:\/\/agora.xtec.cat\/zer-les-salines\/wp-content\/uploads\/usu1080\/2022\/04\/IMG-20220408-WA0027-e1650535126486.jpg\"><\/a><br \/>\nEl divendres 8 d\u2019abril vam fer la mona a l\u2019escola. Cada classe va fer dues o tres mones. Els mestres van comprar els ingredients: pa de pessic, crema de xocolata, pollets, ous, plomes, fils de sucre de colors,&#8230;<br \/>\nA les tres de la tarda cada&hellip;  <a href=\"https:\/\/agora.xtec.cat\/zer-les-salines\/general\/la-mona\/\" title=\"Read LA MONA\">Llegeix m\u00e9s\u00bb<\/a><\/p>\n","protected":false},"author":1,"featured_media":1958,"comment_status":"open","ping_status":"closed","sticky":false,"template":"","format":"standard","meta":{"_bbp_topic_count":0,"_bbp_reply_count":0,"_bbp_total_topic_count":0,"_bbp_total_reply_count":0,"_bbp_voice_count":0,"_bbp_anonymous_reply_count":0,"_bbp_topic_count_hidden":0,"_bbp_reply_count_hidden":0,"_bbp_forum_subforum_count":0,"footnotes":""},"categories":[1,29],"tags":[352,367],"class_list":["post-1957","post","type-post","status-publish","format-standard","has-post-thumbnail","hentry","category-general","category-portada","tag-escola-agullana","tag-mona"],"post_mailing_queue_ids":[],"_links":{"self":[{"href":"https:\/\/agora.xtec.cat\/zer-les-salines\/wp-json\/wp\/v2\/posts\/1957","targetHints":{"allow":["GET"]}}],"collection":[{"href":"https:\/\/agora.xtec.cat\/zer-les-salines\/wp-json\/wp\/v2\/posts"}],"about":[{"href":"https:\/\/agora.xtec.cat\/zer-les-salines\/wp-json\/wp\/v2\/types\/post"}],"author":[{"embeddable":true,"href":"https:\/\/agora.xtec.cat\/zer-les-salines\/wp-json\/wp\/v2\/users\/1"}],"replies":[{"embeddable":true,"href":"https:\/\/agora.xtec.cat\/zer-les-salines\/wp-json\/wp\/v2\/comments?post=1957"}],"version-history":[{"count":3,"href":"https:\/\/agora.xtec.cat\/zer-les-salines\/wp-json\/wp\/v2\/posts\/1957\/revisions"}],"predecessor-version":[{"id":1970,"href":"https:\/\/agora.xtec.cat\/zer-les-salines\/wp-json\/wp\/v2\/posts\/1957\/revisions\/1970"}],"wp:featuredmedia":[{"embeddable":true,"href":"https:\/\/agora.xtec.cat\/zer-les-salines\/wp-json\/wp\/v2\/media\/1958"}],"wp:attachment":[{"href":"https:\/\/agora.xtec.cat\/zer-les-salines\/wp-json\/wp\/v2\/media?parent=1957"}],"wp:term":[{"taxonomy":"category","embeddable":true,"href":"https:\/\/agora.xtec.cat\/zer-les-salines\/wp-json\/wp\/v2\/categories?post=1957"},{"taxonomy":"post_tag","embeddable":true,"href":"https:\/\/agora.xtec.cat\/zer-les-salines\/wp-json\/wp\/v2\/tags?post=1957"}],"curies":[{"name":"wp","href":"https:\/\/api.w.org\/{rel}","templated":true}]}}