{"id":1929,"date":"2022-03-02T09:23:45","date_gmt":"2022-03-02T08:23:45","guid":{"rendered":"https:\/\/agora.xtec.cat\/zer-les-salines\/?p=1929"},"modified":"2022-03-02T09:23:45","modified_gmt":"2022-03-02T08:23:45","slug":"preinscripcio-curs-22-23","status":"publish","type":"post","link":"https:\/\/agora.xtec.cat\/zer-les-salines\/portada\/preinscripcio-curs-22-23\/","title":{"rendered":"Preinscripci\u00f3 curs 22-23"},"content":{"rendered":"<p>Benvolgudes fam\u00edlies,<\/p>\n<p>Ben aviat comen\u00e7ar\u00e0 el per\u00edode de preinscripci\u00f3. La Generalitat posa a la vostra disposici\u00f3 una <a href=\"https:\/\/preinscripcio.gencat.cat\/ca\/inici\/\">p\u00e0gina web<\/a> on hi trobareu tota la informaci\u00f3 relacionada amb aquest proc\u00e9s.<\/p>\n<p>Les dates s\u00f3n les seg\u00fcents:<\/p>\n<ul>\n<li>Educaci\u00f3 <a href=\"https:\/\/preinscripcio.gencat.cat\/ca\/estudis\/infantil-3-6\/inici\/\">infantil: <\/a>del 7 al 21 de mar\u00e7.<\/li>\n<li>Educaci\u00f3 <a href=\"https:\/\/preinscripcio.gencat.cat\/ca\/estudis\/primaria\/inici\/\">prim\u00e0ria<\/a>: del 7 al 21 de mar\u00e7.<\/li>\n<li>Educaci\u00f3 <a href=\"https:\/\/preinscripcio.gencat.cat\/ca\/estudis\/eso\/inici\/\">secund\u00e0ria<\/a>: del 9 al 21 de mar\u00e7.<\/li>\n<\/ul>\n<p>&nbsp;<\/p>\n","protected":false},"excerpt":{"rendered":"<p>Benvolgudes fam\u00edlies,<br \/>\nBen aviat comen\u00e7ar\u00e0 el per\u00edode de preinscripci\u00f3. La Generalitat posa a la vostra disposici\u00f3 una <a href=\"https:\/\/preinscripcio.gencat.cat\/ca\/inici\/\">p\u00e0gina web<\/a> on hi trobareu tota la informaci\u00f3 relacionada amb aquest proc\u00e9s.<br \/>\nLes dates s\u00f3n les seg\u00fcents:<\/p>\n<ul>\n<li>Educaci\u00f3 <a href=\"https:\/\/preinscripcio.gencat.cat\/ca\/estudis\/infantil-3-6\/inici\/\">infantil: <\/a>del 7 al 21 de mar\u00e7.<\/li>\n<li>Educaci\u00f3 <a href=\"https:\/\/preinscripcio.gencat.cat\/ca\/estudis\/primaria\/inici\/\">prim\u00e0ria<\/a>: del 7&hellip;  <a href=\"https:\/\/agora.xtec.cat\/zer-les-salines\/portada\/preinscripcio-curs-22-23\/\" title=\"Read Preinscripci\u00f3 curs 22-23\">Llegeix m\u00e9s\u00bb<\/a><br \/>\n","protected":false},"author":1,"featured_media":1930,"comment_status":"open","ping_status":"closed","sticky":false,"template":"","format":"standard","meta":{"_bbp_topic_count":0,"_bbp_reply_count":0,"_bbp_total_topic_count":0,"_bbp_total_reply_count":0,"_bbp_voice_count":0,"_bbp_anonymous_reply_count":0,"_bbp_topic_count_hidden":0,"_bbp_reply_count_hidden":0,"_bbp_forum_subforum_count":0,"footnotes":""},"categories":[227,29],"tags":[355,290],"class_list":["post-1929","post","type-post","status-publish","format-standard","has-post-thumbnail","hentry","category-families","category-portada","tag-curs-22-23","tag-preinscripcio"],"post_mailing_queue_ids":[],"_links":{"self":[{"href":"https:\/\/agora.xtec.cat\/zer-les-salines\/wp-json\/wp\/v2\/posts\/1929","targetHints":{"allow":["GET"]}}],"collection":[{"href":"https:\/\/agora.xtec.cat\/zer-les-salines\/wp-json\/wp\/v2\/posts"}],"about":[{"href":"https:\/\/agora.xtec.cat\/zer-les-salines\/wp-json\/wp\/v2\/types\/post"}],"author":[{"embeddable":true,"href":"https:\/\/agora.xtec.cat\/zer-les-salines\/wp-json\/wp\/v2\/users\/1"}],"replies":[{"embeddable":true,"href":"https:\/\/agora.xtec.cat\/zer-les-salines\/wp-json\/wp\/v2\/comments?post=1929"}],"version-history":[{"count":1,"href":"https:\/\/agora.xtec.cat\/zer-les-salines\/wp-json\/wp\/v2\/posts\/1929\/revisions"}],"predecessor-version":[{"id":1931,"href":"https:\/\/agora.xtec.cat\/zer-les-salines\/wp-json\/wp\/v2\/posts\/1929\/revisions\/1931"}],"wp:featuredmedia":[{"embeddable":true,"href":"https:\/\/agora.xtec.cat\/zer-les-salines\/wp-json\/wp\/v2\/media\/1930"}],"wp:attachment":[{"href":"https:\/\/agora.xtec.cat\/zer-les-salines\/wp-json\/wp\/v2\/media?parent=1929"}],"wp:term":[{"taxonomy":"category","embeddable":true,"href":"https:\/\/agora.xtec.cat\/zer-les-salines\/wp-json\/wp\/v2\/categories?post=1929"},{"taxonomy":"post_tag","embeddable":true,"href":"https:\/\/agora.xtec.cat\/zer-les-salines\/wp-json\/wp\/v2\/tags?post=1929"}],"curies":[{"name":"wp","href":"https:\/\/api.w.org\/{rel}","templated":true}]}}