{"id":1912,"date":"2022-01-10T18:46:46","date_gmt":"2022-01-10T17:46:46","guid":{"rendered":"https:\/\/agora.xtec.cat\/zer-les-salines\/?p=1912"},"modified":"2022-01-10T18:46:46","modified_gmt":"2022-01-10T17:46:46","slug":"suport-vital-basic-3","status":"publish","type":"post","link":"https:\/\/agora.xtec.cat\/zer-les-salines\/portada\/suport-vital-basic-3\/","title":{"rendered":"Suport Vital B\u00e0sic"},"content":{"rendered":"<p>Hola a totes i a tots!<\/p>\n<p>Comencem l&#8217;any i el segon trimestre treballant el suport vital b\u00e0sic (SVB).<\/p>\n<p>Al llarg del mes de gener i algunes sessions del mes de febrer estarem aprenent a com actuar davant d&#8217;una situaci\u00f3 on necessitem demanar ajuda o trucar al servei d&#8217;emerg\u00e8ncies. L&#8217;alumnat d&#8217;educaci\u00f3 infantil i l&#8217;alumnat de cicle inicial ho far\u00e0 a trav\u00e9s del conte &#8220;La Kira i en Quirc&#8221; i l&#8217;alumnat de cicle mitj\u00e0 i cicle superior ho far\u00e0 amb l&#8217;ajuda dels ninots de pr\u00e0ctiques que ens deixa els Serveis Educatius de l&#8217;Alt Empord\u00e0.<\/p>\n<p>Tamb\u00e9 us compartim un material de <a href=\"https:\/\/drive.google.com\/drive\/folders\/1lBRqdERKDTl8i-cUHq9at4Yuy07wP6-E?usp=sharing\">primers auxilis<\/a> per si \u00e9s del vostre inter\u00e8s.<\/p>\n<p>&nbsp;<\/p>\n","protected":false},"excerpt":{"rendered":"<p>Tots els ciutadans del m\u00f3n poden salvar una vida!&hellip;  <a href=\"https:\/\/agora.xtec.cat\/zer-les-salines\/portada\/suport-vital-basic-3\/\" title=\"Read Suport Vital B\u00e0sic\">Llegeix m\u00e9s\u00bb<\/a><\/p>\n","protected":false},"author":3,"featured_media":1913,"comment_status":"open","ping_status":"closed","sticky":false,"template":"","format":"standard","meta":{"_bbp_topic_count":0,"_bbp_reply_count":0,"_bbp_total_topic_count":0,"_bbp_total_reply_count":0,"_bbp_voice_count":0,"_bbp_anonymous_reply_count":0,"_bbp_topic_count_hidden":0,"_bbp_reply_count_hidden":0,"_bbp_forum_subforum_count":0,"footnotes":""},"categories":[120,227,29],"tags":[],"class_list":["post-1912","post","type-post","status-publish","format-standard","has-post-thumbnail","hentry","category-ef","category-families","category-portada"],"post_mailing_queue_ids":[],"_links":{"self":[{"href":"https:\/\/agora.xtec.cat\/zer-les-salines\/wp-json\/wp\/v2\/posts\/1912","targetHints":{"allow":["GET"]}}],"collection":[{"href":"https:\/\/agora.xtec.cat\/zer-les-salines\/wp-json\/wp\/v2\/posts"}],"about":[{"href":"https:\/\/agora.xtec.cat\/zer-les-salines\/wp-json\/wp\/v2\/types\/post"}],"author":[{"embeddable":true,"href":"https:\/\/agora.xtec.cat\/zer-les-salines\/wp-json\/wp\/v2\/users\/3"}],"replies":[{"embeddable":true,"href":"https:\/\/agora.xtec.cat\/zer-les-salines\/wp-json\/wp\/v2\/comments?post=1912"}],"version-history":[{"count":1,"href":"https:\/\/agora.xtec.cat\/zer-les-salines\/wp-json\/wp\/v2\/posts\/1912\/revisions"}],"predecessor-version":[{"id":1914,"href":"https:\/\/agora.xtec.cat\/zer-les-salines\/wp-json\/wp\/v2\/posts\/1912\/revisions\/1914"}],"wp:featuredmedia":[{"embeddable":true,"href":"https:\/\/agora.xtec.cat\/zer-les-salines\/wp-json\/wp\/v2\/media\/1913"}],"wp:attachment":[{"href":"https:\/\/agora.xtec.cat\/zer-les-salines\/wp-json\/wp\/v2\/media?parent=1912"}],"wp:term":[{"taxonomy":"category","embeddable":true,"href":"https:\/\/agora.xtec.cat\/zer-les-salines\/wp-json\/wp\/v2\/categories?post=1912"},{"taxonomy":"post_tag","embeddable":true,"href":"https:\/\/agora.xtec.cat\/zer-les-salines\/wp-json\/wp\/v2\/tags?post=1912"}],"curies":[{"name":"wp","href":"https:\/\/api.w.org\/{rel}","templated":true}]}}