{"id":1902,"date":"2021-12-21T19:30:09","date_gmt":"2021-12-21T18:30:09","guid":{"rendered":"https:\/\/agora.xtec.cat\/zer-les-salines\/?p=1902"},"modified":"2021-12-21T20:51:35","modified_gmt":"2021-12-21T19:51:35","slug":"concert-de-nadal-escola-les-salines","status":"publish","type":"post","link":"https:\/\/agora.xtec.cat\/zer-les-salines\/portada\/concert-de-nadal-escola-les-salines\/","title":{"rendered":"Concert de Nadal &#8211; Escola Les Salines"},"content":{"rendered":"<p>Bonvolguts i benvolgudes!<\/p>\n<p>Us deixem el v\u00eddeo del concert de Nadal que van fer a l&#8217;esgl\u00e9sia de Santa Maria de Ma\u00e7anet de Cabrenys el passat divendres 17 de desembre de 2021.<\/p>\n<p>Esperem que us agradi! En directe ens va agradar molt\u00edssim!<\/p>\n<p style=\"text-align: center;\"><strong><em><a href=\"https:\/\/drive.google.com\/drive\/folders\/1ABSXREiGZIGUV3C_Bs19GWYMcb4ICRt5?usp=sharing\">Concert de Nadal<\/a><\/em><\/strong><\/p>\n<pre><em>Recordeu que per poder visualitzar el v\u00eddeo cal accedir amb l'usuari de zerlessalines.cat\u00a0<\/em><\/pre>\n","protected":false},"excerpt":{"rendered":"<p>Bonvolguts i benvolgudes!<br \/>\nUs deixem el v\u00eddeo del concert de Nadal que van fer a l&#8217;esgl\u00e9sia de Santa Maria de Ma\u00e7anet de Cabrenys el passat divendres 17 de desembre de 2021.<br \/>\nEsperem que us agradi! En directe ens va agradar molt\u00edssim!<br \/>\n<a href=\"https:\/\/drive.google.com\/drive\/folders\/1ABSXREiGZIGUV3C_Bs19GWYMcb4ICRt5?usp=sharing\">Concert de Nadal<\/a><br \/>\nRecordeu que per poder&hellip;  <a href=\"https:\/\/agora.xtec.cat\/zer-les-salines\/portada\/concert-de-nadal-escola-les-salines\/\" title=\"Read Concert de Nadal &#8211; Escola Les Salines\">Llegeix m\u00e9s\u00bb<\/a><\/p>\n","protected":false},"author":3,"featured_media":1903,"comment_status":"open","ping_status":"closed","sticky":false,"template":"","format":"standard","meta":{"_bbp_topic_count":0,"_bbp_reply_count":0,"_bbp_total_topic_count":0,"_bbp_total_reply_count":0,"_bbp_voice_count":0,"_bbp_anonymous_reply_count":0,"_bbp_topic_count_hidden":0,"_bbp_reply_count_hidden":0,"_bbp_forum_subforum_count":0,"footnotes":""},"categories":[121,227,29],"tags":[220,212],"class_list":["post-1902","post","type-post","status-publish","format-standard","has-post-thumbnail","hentry","category-ea","category-families","category-portada","tag-concert-de-nadal","tag-nadal"],"post_mailing_queue_ids":[],"_links":{"self":[{"href":"https:\/\/agora.xtec.cat\/zer-les-salines\/wp-json\/wp\/v2\/posts\/1902","targetHints":{"allow":["GET"]}}],"collection":[{"href":"https:\/\/agora.xtec.cat\/zer-les-salines\/wp-json\/wp\/v2\/posts"}],"about":[{"href":"https:\/\/agora.xtec.cat\/zer-les-salines\/wp-json\/wp\/v2\/types\/post"}],"author":[{"embeddable":true,"href":"https:\/\/agora.xtec.cat\/zer-les-salines\/wp-json\/wp\/v2\/users\/3"}],"replies":[{"embeddable":true,"href":"https:\/\/agora.xtec.cat\/zer-les-salines\/wp-json\/wp\/v2\/comments?post=1902"}],"version-history":[{"count":2,"href":"https:\/\/agora.xtec.cat\/zer-les-salines\/wp-json\/wp\/v2\/posts\/1902\/revisions"}],"predecessor-version":[{"id":1905,"href":"https:\/\/agora.xtec.cat\/zer-les-salines\/wp-json\/wp\/v2\/posts\/1902\/revisions\/1905"}],"wp:featuredmedia":[{"embeddable":true,"href":"https:\/\/agora.xtec.cat\/zer-les-salines\/wp-json\/wp\/v2\/media\/1903"}],"wp:attachment":[{"href":"https:\/\/agora.xtec.cat\/zer-les-salines\/wp-json\/wp\/v2\/media?parent=1902"}],"wp:term":[{"taxonomy":"category","embeddable":true,"href":"https:\/\/agora.xtec.cat\/zer-les-salines\/wp-json\/wp\/v2\/categories?post=1902"},{"taxonomy":"post_tag","embeddable":true,"href":"https:\/\/agora.xtec.cat\/zer-les-salines\/wp-json\/wp\/v2\/tags?post=1902"}],"curies":[{"name":"wp","href":"https:\/\/api.w.org\/{rel}","templated":true}]}}