{"id":1845,"date":"2021-12-06T17:21:19","date_gmt":"2021-12-06T16:21:19","guid":{"rendered":"https:\/\/agora.xtec.cat\/zer-les-salines\/?p=1845"},"modified":"2021-12-06T17:23:22","modified_gmt":"2021-12-06T16:23:22","slug":"percussio-corporal","status":"publish","type":"post","link":"https:\/\/agora.xtec.cat\/zer-les-salines\/general\/percussio-corporal\/","title":{"rendered":"Percussi\u00f3 corporal"},"content":{"rendered":"<p>Aquest comen\u00e7ament de curs, els alumnes m\u00e9s grans de la ZER, hem versionat una coreografia de percussi\u00f3 corporal creada per en Santi Serratosa, a partir de la can\u00e7\u00f3 <em>Your tribe speaks English.<\/em><\/p>\n<p>Hem decidit gravar i fer el ball tots junts de manera virtual, per compartir-lo amb vosaltres. Esperem que us agradi!<\/p>\n<p style=\"text-align: left;\"><sup>*Cliqueu la foto per obrir el v\u00eddeo. Haureu d\u2019accedir amb l\u2019usuari i la contrasenya de @zerlessalines.<br \/>\n<\/sup><\/p>\n<p><a href=\"https:\/\/drive.google.com\/file\/d\/1KipWV5sWCtHfPeKLYvfSCdAz6D4ex9R9\/view?usp=sharing\" target=\"_blank\" rel=\"noopener\"><img loading=\"lazy\" decoding=\"async\" class=\"alignnone wp-image-1846\" src=\"https:\/\/agora.xtec.cat\/zer-les-salines\/wp-content\/uploads\/usu1080\/2021\/12\/foto-Your-tribe-speaks-English-1024x588.png\" alt=\"\" width=\"367\" height=\"211\" srcset=\"https:\/\/agora.xtec.cat\/zer-les-salines\/wp-content\/uploads\/usu1080\/2021\/12\/foto-Your-tribe-speaks-English-1024x588.png 1024w, https:\/\/agora.xtec.cat\/zer-les-salines\/wp-content\/uploads\/usu1080\/2021\/12\/foto-Your-tribe-speaks-English-300x172.png 300w, https:\/\/agora.xtec.cat\/zer-les-salines\/wp-content\/uploads\/usu1080\/2021\/12\/foto-Your-tribe-speaks-English-768x441.png 768w, https:\/\/agora.xtec.cat\/zer-les-salines\/wp-content\/uploads\/usu1080\/2021\/12\/foto-Your-tribe-speaks-English-1536x882.png 1536w, https:\/\/agora.xtec.cat\/zer-les-salines\/wp-content\/uploads\/usu1080\/2021\/12\/foto-Your-tribe-speaks-English.png 1856w\" sizes=\"auto, (max-width: 367px) 100vw, 367px\" \/><\/a><\/p>\n<p>&nbsp;<\/p>\n<p>&nbsp;<\/p>\n","protected":false},"excerpt":{"rendered":"<p>Aquest comen\u00e7ament de curs, els alumnes m\u00e9s grans de la ZER, hem versionat una coreografia de percussi\u00f3 corporal creada per en Santi Serratosa, a partir de la can\u00e7\u00f3 Your tribe speaks English.<br \/>\nHem decidit gravar i fer el ball tots junts de manera virtual, per compartir-lo&hellip;  <a href=\"https:\/\/agora.xtec.cat\/zer-les-salines\/general\/percussio-corporal\/\" title=\"Read Percussi\u00f3 corporal\">Llegeix m\u00e9s\u00bb<\/a><\/p>\n","protected":false},"author":66,"featured_media":1846,"comment_status":"open","ping_status":"closed","sticky":false,"template":"","format":"standard","meta":{"_bbp_topic_count":0,"_bbp_reply_count":0,"_bbp_total_topic_count":0,"_bbp_total_reply_count":0,"_bbp_voice_count":0,"_bbp_anonymous_reply_count":0,"_bbp_topic_count_hidden":0,"_bbp_reply_count_hidden":0,"_bbp_forum_subforum_count":0,"footnotes":""},"categories":[125,121,1,29],"tags":[244,246,187,189,247,350,245],"class_list":["post-1845","post","type-post","status-publish","format-standard","has-post-thumbnail","hentry","category-activitatszer","category-ea","category-general","category-portada","tag-educacio-artistica","tag-les-salines","tag-lluis-maria-vidal","tag-manuel-de-pedrolo","tag-musica","tag-percussio-corporal","tag-santa-cecilia"],"post_mailing_queue_ids":[],"_links":{"self":[{"href":"https:\/\/agora.xtec.cat\/zer-les-salines\/wp-json\/wp\/v2\/posts\/1845","targetHints":{"allow":["GET"]}}],"collection":[{"href":"https:\/\/agora.xtec.cat\/zer-les-salines\/wp-json\/wp\/v2\/posts"}],"about":[{"href":"https:\/\/agora.xtec.cat\/zer-les-salines\/wp-json\/wp\/v2\/types\/post"}],"author":[{"embeddable":true,"href":"https:\/\/agora.xtec.cat\/zer-les-salines\/wp-json\/wp\/v2\/users\/66"}],"replies":[{"embeddable":true,"href":"https:\/\/agora.xtec.cat\/zer-les-salines\/wp-json\/wp\/v2\/comments?post=1845"}],"version-history":[{"count":3,"href":"https:\/\/agora.xtec.cat\/zer-les-salines\/wp-json\/wp\/v2\/posts\/1845\/revisions"}],"predecessor-version":[{"id":1851,"href":"https:\/\/agora.xtec.cat\/zer-les-salines\/wp-json\/wp\/v2\/posts\/1845\/revisions\/1851"}],"wp:featuredmedia":[{"embeddable":true,"href":"https:\/\/agora.xtec.cat\/zer-les-salines\/wp-json\/wp\/v2\/media\/1846"}],"wp:attachment":[{"href":"https:\/\/agora.xtec.cat\/zer-les-salines\/wp-json\/wp\/v2\/media?parent=1845"}],"wp:term":[{"taxonomy":"category","embeddable":true,"href":"https:\/\/agora.xtec.cat\/zer-les-salines\/wp-json\/wp\/v2\/categories?post=1845"},{"taxonomy":"post_tag","embeddable":true,"href":"https:\/\/agora.xtec.cat\/zer-les-salines\/wp-json\/wp\/v2\/tags?post=1845"}],"curies":[{"name":"wp","href":"https:\/\/api.w.org\/{rel}","templated":true}]}}