{"id":1801,"date":"2021-10-18T19:00:19","date_gmt":"2021-10-18T17:00:19","guid":{"rendered":"https:\/\/agora.xtec.cat\/zer-les-salines\/?p=1801"},"modified":"2021-10-18T18:52:06","modified_gmt":"2021-10-18T16:52:06","slug":"passaport-dels-habits-saludables","status":"publish","type":"post","link":"https:\/\/agora.xtec.cat\/zer-les-salines\/portada\/passaport-dels-habits-saludables\/","title":{"rendered":"Passaport dels h\u00e0bits saludables"},"content":{"rendered":"<p>Durant aquest primer trimestre estem fent una activitat a educaci\u00f3 f\u00edsica que es diu &#8220;Passaport dels h\u00e0bits saludables&#8221; principalment amb l&#8217;alumnat de cicle mitj\u00e0 i alguns de cicle superior.<\/p>\n<p>Cada setmana s&#8217;han de fixar amb un aspecte i fer\u00a0 una valoraci\u00f3 de quin estil de vida porten i qu\u00e8 poden millorar.<\/p>\n<p>Tota la fam\u00edlia tamb\u00e9 hi pot participar i fins i tot proposar-vos algun aspecte conjunt a millorar.<\/p>\n<p>Us deixo la infografia dels beneficis que obtenim tant a nivell f\u00edsic com mental portant un estil de vida saludable:<\/p>\n<div style=\"position: relative; width: 100%; height: 0; padding-top: 250.0000%; padding-bottom: 48px; box-shadow: 0 2px 8px 0 rgba(63,69,81,0.16); margin-top: 1.6em; margin-bottom: 0.9em; overflow: hidden; border-radius: 8px; will-change: transform;\"><iframe style=\"position: absolute; width: 100%; height: 100%; top: 0; left: 0; border: none; padding: 0; margin: 0;\" src=\"https:\/\/www.canva.com\/design\/DAEqcdE9WB8\/view?embed\"><br \/>\n<\/iframe><\/div>\n<p><a href=\"https:\/\/www.canva.com\/design\/DAEqcdE9WB8\/view?utm_content=DAEqcdE9WB8&amp;utm_campaign=designshare&amp;utm_medium=embeds&amp;utm_source=link\" target=\"_blank\" rel=\"noopener\">Passaport HS &#8211; infografia<\/a> de SILVIA GONZALEZ CAIXAS<\/p>\n","protected":false},"excerpt":{"rendered":"<p>Tenir una vida saludable ens aporta molts beneficis, tant per la salut del nostre cos com per la nostra salut mental. I tu, quin estil de vida tens?&hellip;  <a href=\"https:\/\/agora.xtec.cat\/zer-les-salines\/portada\/passaport-dels-habits-saludables\/\" title=\"Read Passaport dels h\u00e0bits saludables\">Llegeix m\u00e9s\u00bb<\/a><\/p>\n","protected":false},"author":3,"featured_media":1802,"comment_status":"open","ping_status":"closed","sticky":false,"template":"","format":"standard","meta":{"_bbp_topic_count":0,"_bbp_reply_count":0,"_bbp_total_topic_count":0,"_bbp_total_reply_count":0,"_bbp_voice_count":0,"_bbp_anonymous_reply_count":0,"_bbp_topic_count_hidden":0,"_bbp_reply_count_hidden":0,"_bbp_forum_subforum_count":0,"footnotes":""},"categories":[120,29],"tags":[224,308],"class_list":["post-1801","post","type-post","status-publish","format-standard","has-post-thumbnail","hentry","category-ef","category-portada","tag-educacio-fisica","tag-habits-saludables"],"post_mailing_queue_ids":[],"_links":{"self":[{"href":"https:\/\/agora.xtec.cat\/zer-les-salines\/wp-json\/wp\/v2\/posts\/1801","targetHints":{"allow":["GET"]}}],"collection":[{"href":"https:\/\/agora.xtec.cat\/zer-les-salines\/wp-json\/wp\/v2\/posts"}],"about":[{"href":"https:\/\/agora.xtec.cat\/zer-les-salines\/wp-json\/wp\/v2\/types\/post"}],"author":[{"embeddable":true,"href":"https:\/\/agora.xtec.cat\/zer-les-salines\/wp-json\/wp\/v2\/users\/3"}],"replies":[{"embeddable":true,"href":"https:\/\/agora.xtec.cat\/zer-les-salines\/wp-json\/wp\/v2\/comments?post=1801"}],"version-history":[{"count":2,"href":"https:\/\/agora.xtec.cat\/zer-les-salines\/wp-json\/wp\/v2\/posts\/1801\/revisions"}],"predecessor-version":[{"id":1808,"href":"https:\/\/agora.xtec.cat\/zer-les-salines\/wp-json\/wp\/v2\/posts\/1801\/revisions\/1808"}],"wp:featuredmedia":[{"embeddable":true,"href":"https:\/\/agora.xtec.cat\/zer-les-salines\/wp-json\/wp\/v2\/media\/1802"}],"wp:attachment":[{"href":"https:\/\/agora.xtec.cat\/zer-les-salines\/wp-json\/wp\/v2\/media?parent=1801"}],"wp:term":[{"taxonomy":"category","embeddable":true,"href":"https:\/\/agora.xtec.cat\/zer-les-salines\/wp-json\/wp\/v2\/categories?post=1801"},{"taxonomy":"post_tag","embeddable":true,"href":"https:\/\/agora.xtec.cat\/zer-les-salines\/wp-json\/wp\/v2\/tags?post=1801"}],"curies":[{"name":"wp","href":"https:\/\/api.w.org\/{rel}","templated":true}]}}