{"id":1780,"date":"2021-09-10T17:05:18","date_gmt":"2021-09-10T15:05:18","guid":{"rendered":"https:\/\/agora.xtec.cat\/zer-les-salines\/?p=1780"},"modified":"2021-09-10T17:05:18","modified_gmt":"2021-09-10T15:05:18","slug":"pla-dorganitzacio-curs-21-22","status":"publish","type":"post","link":"https:\/\/agora.xtec.cat\/zer-les-salines\/portada\/pla-dorganitzacio-curs-21-22\/","title":{"rendered":"Pla d\u2019organitzaci\u00f3 curs 21-22"},"content":{"rendered":"<p>Benvolgudes fam\u00edlies,<\/p>\n<p>Us deixem l\u2019enlla\u00e7 al <a href=\"https:\/\/drive.google.com\/file\/d\/1hfysTQzHq8wC26GOMLiBS0idtEyjlAxa\/view?usp=drivesdk\">pla d\u2019organitzaci\u00f3 del curs 2021-2022.\u00a0<\/a><\/p>\n<p>Aquest pla \u00e9s un document viu, \u00e9s a dir, que pot anar canviant al llarg del curs en funci\u00f3 de l\u2019evoluci\u00f3 de la pand\u00e8mia i de les instruccions del Departament de Salut i del Departament d\u2019Educaci\u00f3.<\/p>\n<p>Qualsevol dubte restem a la vostra disposici\u00f3.<\/p>\n","protected":false},"excerpt":{"rendered":"<p>Benvolgudes fam\u00edlies,<br \/>\nUs deixem l\u2019enlla\u00e7 al <a href=\"https:\/\/drive.google.com\/file\/d\/1hfysTQzHq8wC26GOMLiBS0idtEyjlAxa\/view?usp=drivesdk\">pla d\u2019organitzaci\u00f3 del curs 2021-2022.\u00a0<\/a><br \/>\nAquest pla \u00e9s un document viu, \u00e9s a dir, que pot anar canviant al llarg del curs en funci\u00f3 de l\u2019evoluci\u00f3 de la pand\u00e8mia i de les instruccions del Departament de Salut i del Departament&hellip;  <a href=\"https:\/\/agora.xtec.cat\/zer-les-salines\/portada\/pla-dorganitzacio-curs-21-22\/\" title=\"Read Pla d\u2019organitzaci\u00f3 curs 21-22\">Llegeix m\u00e9s\u00bb<\/a><\/p>\n","protected":false},"author":1,"featured_media":0,"comment_status":"open","ping_status":"closed","sticky":false,"template":"","format":"standard","meta":{"_bbp_topic_count":0,"_bbp_reply_count":0,"_bbp_total_topic_count":0,"_bbp_total_reply_count":0,"_bbp_voice_count":0,"_bbp_anonymous_reply_count":0,"_bbp_topic_count_hidden":0,"_bbp_reply_count_hidden":0,"_bbp_forum_subforum_count":0,"footnotes":""},"categories":[227,29],"tags":[335],"class_list":["post-1780","post","type-post","status-publish","format-standard","hentry","category-families","category-portada","tag-pla-dorganitzacio"],"post_mailing_queue_ids":[],"_links":{"self":[{"href":"https:\/\/agora.xtec.cat\/zer-les-salines\/wp-json\/wp\/v2\/posts\/1780","targetHints":{"allow":["GET"]}}],"collection":[{"href":"https:\/\/agora.xtec.cat\/zer-les-salines\/wp-json\/wp\/v2\/posts"}],"about":[{"href":"https:\/\/agora.xtec.cat\/zer-les-salines\/wp-json\/wp\/v2\/types\/post"}],"author":[{"embeddable":true,"href":"https:\/\/agora.xtec.cat\/zer-les-salines\/wp-json\/wp\/v2\/users\/1"}],"replies":[{"embeddable":true,"href":"https:\/\/agora.xtec.cat\/zer-les-salines\/wp-json\/wp\/v2\/comments?post=1780"}],"version-history":[{"count":1,"href":"https:\/\/agora.xtec.cat\/zer-les-salines\/wp-json\/wp\/v2\/posts\/1780\/revisions"}],"predecessor-version":[{"id":1781,"href":"https:\/\/agora.xtec.cat\/zer-les-salines\/wp-json\/wp\/v2\/posts\/1780\/revisions\/1781"}],"wp:attachment":[{"href":"https:\/\/agora.xtec.cat\/zer-les-salines\/wp-json\/wp\/v2\/media?parent=1780"}],"wp:term":[{"taxonomy":"category","embeddable":true,"href":"https:\/\/agora.xtec.cat\/zer-les-salines\/wp-json\/wp\/v2\/categories?post=1780"},{"taxonomy":"post_tag","embeddable":true,"href":"https:\/\/agora.xtec.cat\/zer-les-salines\/wp-json\/wp\/v2\/tags?post=1780"}],"curies":[{"name":"wp","href":"https:\/\/api.w.org\/{rel}","templated":true}]}}