{"id":1772,"date":"2021-06-21T10:59:18","date_gmt":"2021-06-21T08:59:18","guid":{"rendered":"http:\/\/agora.xtec.cat\/zer-les-salines\/?p=1772"},"modified":"2021-06-21T10:59:18","modified_gmt":"2021-06-21T08:59:18","slug":"festa-de-la-zer-virtual","status":"publish","type":"post","link":"https:\/\/agora.xtec.cat\/zer-les-salines\/portada\/festa-de-la-zer-virtual\/","title":{"rendered":"Festa de la ZER virtual"},"content":{"rendered":"<p>Aquest curs no ens hem pogut trobar per fer totes les activitats conjuntes que fem a la ZER, com ara les col\u00f2nies, el cim, la cantata, el country english day, el rodaesport, el rodajoc, les sortides que fem per con\u00e8ixer la nostra comarca o la festa de la ZER.<\/p>\n<p>La festa de la ZER era un dia festiu, d&#8217;alegria que aprofit\u00e0vem per trobar-nos, celebrar que hav\u00edem acabat el curs i desitjar-nos unes bones vacances, entre altres coses.<\/p>\n<p>Com que aquest curs no l&#8217;hem pogut celebrar vam decidir fer una festa de la ZER virtual. Aquest mat\u00ed a dos quarts de deu ens hem connectat les 4 escoles per veure&#8217;ns una estona i per visualitzar dos v\u00eddeos.<\/p>\n<p>Un d&#8217;ells l&#8217;hem fet tots i totes per acomiadar les nenes i nens de sis\u00e8 i l&#8217;altre s\u00f3n els nens i nenes de sis\u00e8 que diuen unes paraules.<\/p>\n<p>Si els voleu visualitzar haureu de clicar els seg\u00fcents enlla\u00e7os i entrar amb l&#8217;usuari i la contrasenya del correu electr\u00f2nic &#8220;zerlessalines.cat&#8221;:<\/p>\n<ul>\n<li><a href=\"https:\/\/drive.google.com\/file\/d\/1piQ5HF2zHBYBUwOue1Rpn9yP4gBLWAXx\/view?usp=sharing\">Comiat sis\u00e8 &#8211; Educaci\u00f3 infantil i prim\u00e0ria<\/a><\/li>\n<li><a href=\"https:\/\/drive.google.com\/file\/d\/1fXPYfwrvuoIccZREFvHCCFo_jZLo7hgA\/view?usp=sharing\">Paraules alumnat de sis\u00e8<\/a><\/li>\n<\/ul>\n<p>Aprofitem per desitjar-vos un molt bon estiu i donar-vos les gr\u00e0cies per tota la vostra col\u00b7laboraci\u00f3 i comprensi\u00f3.<\/p>\n<p>&nbsp;<\/p>\n","protected":false},"excerpt":{"rendered":"<p>Aquest curs no ens hem pogut trobar per fer totes les activitats conjuntes que fem a la ZER, com ara les col\u00f2nies, el cim, la cantata, el country english day, el rodaesport, el rodajoc, les sortides que fem per con\u00e8ixer la nostra comarca o la&hellip;  <a href=\"https:\/\/agora.xtec.cat\/zer-les-salines\/portada\/festa-de-la-zer-virtual\/\" title=\"Read Festa de la ZER virtual\">Llegeix m\u00e9s\u00bb<\/a><\/p>\n","protected":false},"author":1,"featured_media":1773,"comment_status":"open","ping_status":"closed","sticky":false,"template":"","format":"standard","meta":{"_bbp_topic_count":0,"_bbp_reply_count":0,"_bbp_total_topic_count":0,"_bbp_total_reply_count":0,"_bbp_voice_count":0,"_bbp_anonymous_reply_count":0,"_bbp_topic_count_hidden":0,"_bbp_reply_count_hidden":0,"_bbp_forum_subforum_count":0,"footnotes":""},"categories":[114,116,117,227,29],"tags":[333,192,334,196],"class_list":["post-1772","post","type-post","status-publish","format-standard","has-post-thumbnail","hentry","category-blog-escola-lessalines","category-blog-escola-manueldepedrolo","category-blog-escola-santacecilia","category-families","category-portada","tag-comiat-sise","tag-festa-zer","tag-final-de-curs","tag-zer"],"post_mailing_queue_ids":[],"_links":{"self":[{"href":"https:\/\/agora.xtec.cat\/zer-les-salines\/wp-json\/wp\/v2\/posts\/1772","targetHints":{"allow":["GET"]}}],"collection":[{"href":"https:\/\/agora.xtec.cat\/zer-les-salines\/wp-json\/wp\/v2\/posts"}],"about":[{"href":"https:\/\/agora.xtec.cat\/zer-les-salines\/wp-json\/wp\/v2\/types\/post"}],"author":[{"embeddable":true,"href":"https:\/\/agora.xtec.cat\/zer-les-salines\/wp-json\/wp\/v2\/users\/1"}],"replies":[{"embeddable":true,"href":"https:\/\/agora.xtec.cat\/zer-les-salines\/wp-json\/wp\/v2\/comments?post=1772"}],"version-history":[{"count":1,"href":"https:\/\/agora.xtec.cat\/zer-les-salines\/wp-json\/wp\/v2\/posts\/1772\/revisions"}],"predecessor-version":[{"id":1774,"href":"https:\/\/agora.xtec.cat\/zer-les-salines\/wp-json\/wp\/v2\/posts\/1772\/revisions\/1774"}],"wp:featuredmedia":[{"embeddable":true,"href":"https:\/\/agora.xtec.cat\/zer-les-salines\/wp-json\/wp\/v2\/media\/1773"}],"wp:attachment":[{"href":"https:\/\/agora.xtec.cat\/zer-les-salines\/wp-json\/wp\/v2\/media?parent=1772"}],"wp:term":[{"taxonomy":"category","embeddable":true,"href":"https:\/\/agora.xtec.cat\/zer-les-salines\/wp-json\/wp\/v2\/categories?post=1772"},{"taxonomy":"post_tag","embeddable":true,"href":"https:\/\/agora.xtec.cat\/zer-les-salines\/wp-json\/wp\/v2\/tags?post=1772"}],"curies":[{"name":"wp","href":"https:\/\/api.w.org\/{rel}","templated":true}]}}