{"id":1763,"date":"2021-06-20T18:36:17","date_gmt":"2021-06-20T16:36:17","guid":{"rendered":"http:\/\/agora.xtec.cat\/zer-les-salines\/?p=1763"},"modified":"2021-06-20T18:36:17","modified_gmt":"2021-06-20T16:36:17","slug":"tucumpa","status":"publish","type":"post","link":"https:\/\/agora.xtec.cat\/zer-les-salines\/portada\/tucumpa\/","title":{"rendered":"TuCumP\u00e1"},"content":{"rendered":"<h2><\/h2>\n<p>S&#8217;acaba el curs i aquest any no hem pogut trobar-nos a la festa de la ZER&#8230;<\/p>\n<p>Malgrat tot ten\u00edem ganes d&#8217;acomiadar-nos plegats i encara que sigui de manera virtual, esperem que us agradi aquest v\u00eddeo de comiat del curs que hem gravat tot l&#8217;alumnat de la ZER Les Salines a les sessions de m\u00fasica. Ens ho hem passat molt b\u00e9 i ens fa molta il\u00b7lusi\u00f3 que el veieu!!<\/p>\n<p>Molt bon estiu i molta salut!!<\/p>\n<h4><\/h4>\n<p><sub>*Cliqueu la foto per obrir el v\u00eddeo. Haureu d&#8217;accedir amb l\u2019usuari i la contrasenya de @zerlessalines, aix\u00ed podem garantir la protecci\u00f3 dels drets d\u2019imatge de tot l&#8217;alumnat de la ZER.\u00a0 Aquest v\u00eddeo no es pot distribuir per les xarxes socials ni cap altre espai que no sigui la web de la ZER. Moltes gr\u00e0cies pel respecte i la comprensi\u00f3.<\/sub><\/p>\n<p><a href=\"https:\/\/drive.google.com\/file\/d\/18V-y-ZPGrQ77qTvERuPus4ULZdh2EPKK\/view?usp=sharing\" target=\"_blank\" rel=\"noopener noreferrer\"><img loading=\"lazy\" decoding=\"async\" class=\"alignnone wp-image-1764 \" src=\"https:\/\/agora.xtec.cat\/zer-les-salines\/wp-content\/uploads\/usu1080\/2021\/06\/Foto-TuCumPa\u0301-e1624206589664-1024x548.png\" alt=\"\" width=\"378\" height=\"202\" srcset=\"https:\/\/agora.xtec.cat\/zer-les-salines\/wp-content\/uploads\/usu1080\/2021\/06\/Foto-TuCumPa\u0301-e1624206589664-1024x548.png 1024w, https:\/\/agora.xtec.cat\/zer-les-salines\/wp-content\/uploads\/usu1080\/2021\/06\/Foto-TuCumPa\u0301-e1624206589664-300x161.png 300w, https:\/\/agora.xtec.cat\/zer-les-salines\/wp-content\/uploads\/usu1080\/2021\/06\/Foto-TuCumPa\u0301-e1624206589664-768x411.png 768w, https:\/\/agora.xtec.cat\/zer-les-salines\/wp-content\/uploads\/usu1080\/2021\/06\/Foto-TuCumPa\u0301-e1624206589664.png 1600w\" sizes=\"auto, (max-width: 378px) 100vw, 378px\" \/><\/a><\/p>\n<p>&nbsp;<\/p>\n<p>&nbsp;<\/p>\n","protected":false},"excerpt":{"rendered":"<p>S&#8217;acaba el curs i aquest any no hem pogut trobar-nos a la festa de la ZER&#8230;<br \/>\nMalgrat tot ten\u00edem ganes d&#8217;acomiadar-nos plegats i encara que sigui de manera virtual, esperem que us agradi aquest v\u00eddeo de comiat del curs que hem gravat tot l&#8217;alumnat de la&hellip;  <a href=\"https:\/\/agora.xtec.cat\/zer-les-salines\/portada\/tucumpa\/\" title=\"Read TuCumP\u00e1\">Llegeix m\u00e9s\u00bb<\/a><\/p>\n","protected":false},"author":66,"featured_media":1764,"comment_status":"open","ping_status":"closed","sticky":false,"template":"","format":"standard","meta":{"_bbp_topic_count":0,"_bbp_reply_count":0,"_bbp_total_topic_count":0,"_bbp_total_reply_count":0,"_bbp_voice_count":0,"_bbp_anonymous_reply_count":0,"_bbp_topic_count_hidden":0,"_bbp_reply_count_hidden":0,"_bbp_forum_subforum_count":0,"footnotes":""},"categories":[125,114,116,117,121,123,29],"tags":[244,271,247,196],"class_list":["post-1763","post","type-post","status-publish","format-standard","has-post-thumbnail","hentry","category-activitatszer","category-blog-escola-lessalines","category-blog-escola-manueldepedrolo","category-blog-escola-santacecilia","category-ea","category-especialitats","category-portada","tag-educacio-artistica","tag-muntage-video","tag-musica","tag-zer"],"post_mailing_queue_ids":[],"_links":{"self":[{"href":"https:\/\/agora.xtec.cat\/zer-les-salines\/wp-json\/wp\/v2\/posts\/1763","targetHints":{"allow":["GET"]}}],"collection":[{"href":"https:\/\/agora.xtec.cat\/zer-les-salines\/wp-json\/wp\/v2\/posts"}],"about":[{"href":"https:\/\/agora.xtec.cat\/zer-les-salines\/wp-json\/wp\/v2\/types\/post"}],"author":[{"embeddable":true,"href":"https:\/\/agora.xtec.cat\/zer-les-salines\/wp-json\/wp\/v2\/users\/66"}],"replies":[{"embeddable":true,"href":"https:\/\/agora.xtec.cat\/zer-les-salines\/wp-json\/wp\/v2\/comments?post=1763"}],"version-history":[{"count":3,"href":"https:\/\/agora.xtec.cat\/zer-les-salines\/wp-json\/wp\/v2\/posts\/1763\/revisions"}],"predecessor-version":[{"id":1771,"href":"https:\/\/agora.xtec.cat\/zer-les-salines\/wp-json\/wp\/v2\/posts\/1763\/revisions\/1771"}],"wp:featuredmedia":[{"embeddable":true,"href":"https:\/\/agora.xtec.cat\/zer-les-salines\/wp-json\/wp\/v2\/media\/1764"}],"wp:attachment":[{"href":"https:\/\/agora.xtec.cat\/zer-les-salines\/wp-json\/wp\/v2\/media?parent=1763"}],"wp:term":[{"taxonomy":"category","embeddable":true,"href":"https:\/\/agora.xtec.cat\/zer-les-salines\/wp-json\/wp\/v2\/categories?post=1763"},{"taxonomy":"post_tag","embeddable":true,"href":"https:\/\/agora.xtec.cat\/zer-les-salines\/wp-json\/wp\/v2\/tags?post=1763"}],"curies":[{"name":"wp","href":"https:\/\/api.w.org\/{rel}","templated":true}]}}