{"id":1748,"date":"2021-06-03T16:04:17","date_gmt":"2021-06-03T14:04:17","guid":{"rendered":"http:\/\/agora.xtec.cat\/zer-les-salines\/?p=1748"},"modified":"2021-06-03T16:22:37","modified_gmt":"2021-06-03T14:22:37","slug":"els-nostres-drets-i-deures","status":"publish","type":"post","link":"https:\/\/agora.xtec.cat\/zer-les-salines\/blog-escola-manueldepedrolo\/els-nostres-drets-i-deures\/","title":{"rendered":"Els nostres drets i deures"},"content":{"rendered":"<p>Us compartim un v\u00eddeo sobre els drets i deures dels infants, que han fet l&#8217;alumnat de l&#8217;Escola de Biure amb la participaci\u00f3 de les fam\u00edlies. Esperem que us agradi i us faci reflexionar!<\/p>\n<p><a href=\"https:\/\/drive.google.com\/file\/d\/1kvYhmg3c6v-yvQb8nfyhr9m8pBpqlO8F\/view?usp=sharing\"><img loading=\"lazy\" decoding=\"async\" class=\"alignnone wp-image-1747 size-full\" src=\"https:\/\/agora.xtec.cat\/zer-les-salines\/wp-content\/uploads\/usu1080\/2021\/06\/els-nostres-drets-i-deures-imatge.png\" alt=\"\" width=\"702\" height=\"280\" srcset=\"https:\/\/agora.xtec.cat\/zer-les-salines\/wp-content\/uploads\/usu1080\/2021\/06\/els-nostres-drets-i-deures-imatge.png 702w, https:\/\/agora.xtec.cat\/zer-les-salines\/wp-content\/uploads\/usu1080\/2021\/06\/els-nostres-drets-i-deures-imatge-300x120.png 300w\" sizes=\"auto, (max-width: 702px) 100vw, 702px\" \/><\/a><\/p>\n<p><a href=\"https:\/\/drive.google.com\/file\/d\/1kvYhmg3c6v-yvQb8nfyhr9m8pBpqlO8F\/view?usp=sharing\">https:\/\/drive.google.com\/file\/d\/1kvYhmg3c6v-yvQb8nfyhr9m8pBpqlO8F\/view?usp=sharing<\/a><\/p>\n","protected":false},"excerpt":{"rendered":"<p>Us compartim un v\u00eddeo sobre els drets i deures dels infants, que han fet l&#8217;alumnat de l&#8217;Escola de Biure amb la participaci\u00f3 de les fam\u00edlies. Esperem que us agradi i us faci reflexionar!<br \/>\n<a href=\"https:\/\/drive.google.com\/file\/d\/1kvYhmg3c6v-yvQb8nfyhr9m8pBpqlO8F\/view?usp=sharing\"><\/a><br \/>\n<a href=\"https:\/\/drive.google.com\/file\/d\/1kvYhmg3c6v-yvQb8nfyhr9m8pBpqlO8F\/view?usp=sharing\">https:\/\/drive.google.com\/file\/d\/1kvYhmg3c6v-yvQb8nfyhr9m8pBpqlO8F\/view?usp=sharing<\/a><\/p>\n","protected":false},"author":1,"featured_media":1747,"comment_status":"open","ping_status":"closed","sticky":false,"template":"","format":"standard","meta":{"_bbp_topic_count":0,"_bbp_reply_count":0,"_bbp_total_topic_count":0,"_bbp_total_reply_count":0,"_bbp_voice_count":0,"_bbp_anonymous_reply_count":0,"_bbp_topic_count_hidden":0,"_bbp_reply_count_hidden":0,"_bbp_forum_subforum_count":0,"footnotes":""},"categories":[116],"tags":[],"class_list":["post-1748","post","type-post","status-publish","format-standard","has-post-thumbnail","hentry","category-blog-escola-manueldepedrolo"],"post_mailing_queue_ids":[],"_links":{"self":[{"href":"https:\/\/agora.xtec.cat\/zer-les-salines\/wp-json\/wp\/v2\/posts\/1748","targetHints":{"allow":["GET"]}}],"collection":[{"href":"https:\/\/agora.xtec.cat\/zer-les-salines\/wp-json\/wp\/v2\/posts"}],"about":[{"href":"https:\/\/agora.xtec.cat\/zer-les-salines\/wp-json\/wp\/v2\/types\/post"}],"author":[{"embeddable":true,"href":"https:\/\/agora.xtec.cat\/zer-les-salines\/wp-json\/wp\/v2\/users\/1"}],"replies":[{"embeddable":true,"href":"https:\/\/agora.xtec.cat\/zer-les-salines\/wp-json\/wp\/v2\/comments?post=1748"}],"version-history":[{"count":2,"href":"https:\/\/agora.xtec.cat\/zer-les-salines\/wp-json\/wp\/v2\/posts\/1748\/revisions"}],"predecessor-version":[{"id":1754,"href":"https:\/\/agora.xtec.cat\/zer-les-salines\/wp-json\/wp\/v2\/posts\/1748\/revisions\/1754"}],"wp:featuredmedia":[{"embeddable":true,"href":"https:\/\/agora.xtec.cat\/zer-les-salines\/wp-json\/wp\/v2\/media\/1747"}],"wp:attachment":[{"href":"https:\/\/agora.xtec.cat\/zer-les-salines\/wp-json\/wp\/v2\/media?parent=1748"}],"wp:term":[{"taxonomy":"category","embeddable":true,"href":"https:\/\/agora.xtec.cat\/zer-les-salines\/wp-json\/wp\/v2\/categories?post=1748"},{"taxonomy":"post_tag","embeddable":true,"href":"https:\/\/agora.xtec.cat\/zer-les-salines\/wp-json\/wp\/v2\/tags?post=1748"}],"curies":[{"name":"wp","href":"https:\/\/api.w.org\/{rel}","templated":true}]}}