{"id":1741,"date":"2021-05-30T16:49:59","date_gmt":"2021-05-30T14:49:59","guid":{"rendered":"http:\/\/agora.xtec.cat\/zer-les-salines\/?p=1741"},"modified":"2021-05-30T16:49:59","modified_gmt":"2021-05-30T14:49:59","slug":"sortida-al-monestir-de-sant-pere-de-rodes","status":"publish","type":"post","link":"https:\/\/agora.xtec.cat\/zer-les-salines\/portada\/sortida-al-monestir-de-sant-pere-de-rodes\/","title":{"rendered":"Sortida al Monestir de Sant Pere de Rodes"},"content":{"rendered":"<p>El passat dimecres 26 de maig els nens i nenes de cicle mitj\u00e0 i superior de l&#8217;escola de Santa Cec\u00edlia van fer una ruta a peu des de Palau-Savardera fins a Selva de mar visitant diferents llocs molt emblem\u00e0tics de l&#8217;Alt Empord\u00e0 i de la Serra de Verdera.<\/p>\n<p>Us deixem el track\u00a0 de la ruta i <a href=\"https:\/\/drive.google.com\/drive\/folders\/14MF_PMQRyuTc3oXQoKheX4Yt9kuj8Qlx?usp=sharing\">l&#8217;enlla\u00e7 a les imatges<\/a> (per veure les imatges de la sortida haureu d&#8217;accedir amb\u00a0 el vostre usuari i contrasenya del domini de la zerlessalines.cat; nom\u00e9s estan compartides amb l&#8217;alumnat de l&#8217;escola de Boadella i Les Escaules.):<\/p>\n<p><iframe loading=\"lazy\" src=\"https:\/\/ca.wikiloc.com\/wikiloc\/spatialArtifacts.do?event=view&amp;id=74123390&amp;measures=on&amp;title=off&amp;near=off&amp;images=off&amp;maptype=H\" width=\"500\" height=\"400\" frameborder=\"0\"><\/iframe><\/p>\n<div style=\"color: #777; font-size: 11px; line-height: 16px;\">Powered by <a style=\"color: #06d; font-size: 11px; line-height: 16px;\" href=\"https:\/\/ca.wikiloc.com\" target=\"_blank\" rel=\"noopener noreferrer\">Wikiloc<\/a><\/div>\n<p>&nbsp;<\/p>\n","protected":false},"excerpt":{"rendered":"<p>Ruta i imatges de la sortida a peu de l&#8217;alumnat de l&#8217;escola Santa Cec\u00edlia&hellip;  <a href=\"https:\/\/agora.xtec.cat\/zer-les-salines\/portada\/sortida-al-monestir-de-sant-pere-de-rodes\/\" title=\"Read Sortida al Monestir de Sant Pere de Rodes\">Llegeix m\u00e9s\u00bb<\/a><\/p>\n","protected":false},"author":3,"featured_media":1742,"comment_status":"open","ping_status":"closed","sticky":false,"template":"","format":"standard","meta":{"_bbp_topic_count":0,"_bbp_reply_count":0,"_bbp_total_topic_count":0,"_bbp_total_reply_count":0,"_bbp_voice_count":0,"_bbp_anonymous_reply_count":0,"_bbp_topic_count_hidden":0,"_bbp_reply_count_hidden":0,"_bbp_forum_subforum_count":0,"footnotes":""},"categories":[117,120,29],"tags":[307,308,199],"class_list":["post-1741","post","type-post","status-publish","format-standard","has-post-thumbnail","hentry","category-blog-escola-santacecilia","category-ef","category-portada","tag-caminar","tag-habits-saludables","tag-sortida"],"post_mailing_queue_ids":[],"_links":{"self":[{"href":"https:\/\/agora.xtec.cat\/zer-les-salines\/wp-json\/wp\/v2\/posts\/1741","targetHints":{"allow":["GET"]}}],"collection":[{"href":"https:\/\/agora.xtec.cat\/zer-les-salines\/wp-json\/wp\/v2\/posts"}],"about":[{"href":"https:\/\/agora.xtec.cat\/zer-les-salines\/wp-json\/wp\/v2\/types\/post"}],"author":[{"embeddable":true,"href":"https:\/\/agora.xtec.cat\/zer-les-salines\/wp-json\/wp\/v2\/users\/3"}],"replies":[{"embeddable":true,"href":"https:\/\/agora.xtec.cat\/zer-les-salines\/wp-json\/wp\/v2\/comments?post=1741"}],"version-history":[{"count":1,"href":"https:\/\/agora.xtec.cat\/zer-les-salines\/wp-json\/wp\/v2\/posts\/1741\/revisions"}],"predecessor-version":[{"id":1743,"href":"https:\/\/agora.xtec.cat\/zer-les-salines\/wp-json\/wp\/v2\/posts\/1741\/revisions\/1743"}],"wp:featuredmedia":[{"embeddable":true,"href":"https:\/\/agora.xtec.cat\/zer-les-salines\/wp-json\/wp\/v2\/media\/1742"}],"wp:attachment":[{"href":"https:\/\/agora.xtec.cat\/zer-les-salines\/wp-json\/wp\/v2\/media?parent=1741"}],"wp:term":[{"taxonomy":"category","embeddable":true,"href":"https:\/\/agora.xtec.cat\/zer-les-salines\/wp-json\/wp\/v2\/categories?post=1741"},{"taxonomy":"post_tag","embeddable":true,"href":"https:\/\/agora.xtec.cat\/zer-les-salines\/wp-json\/wp\/v2\/tags?post=1741"}],"curies":[{"name":"wp","href":"https:\/\/api.w.org\/{rel}","templated":true}]}}