{"id":1719,"date":"2021-04-07T09:36:41","date_gmt":"2021-04-07T07:36:41","guid":{"rendered":"http:\/\/agora.xtec.cat\/zer-les-salines\/?p=1719"},"modified":"2021-04-07T09:52:31","modified_gmt":"2021-04-07T07:52:31","slug":"families-digitals","status":"publish","type":"post","link":"https:\/\/agora.xtec.cat\/zer-les-salines\/activitatszer\/families\/families-digitals\/","title":{"rendered":"Fam\u00edlies digitals"},"content":{"rendered":"<p>Des del\u00a0<a href=\"http:\/\/educacio.gencat.cat\/ca\/departament\/publicacions\/monografies\/pla-educacio-digital\/\" target=\"_blank\" rel=\"noopener noreferrer\">Pla d\u2019educaci\u00f3 digital de Catalunya 2020-23<\/a>\u00a0i el\u00a0<a href=\"http:\/\/educacio.gencat.cat\/ca\/departament\/linies-estrategiques\/pla-millora-oportunitats-educatives\/\" target=\"_blank\" rel=\"noopener noreferrer\">Pla de millora d\u2019oportunitats educatives<\/a>, impulsats des del Departament d\u2019Educaci\u00f3, neix la iniciativa\u00a0<strong>Fam\u00edlies digitals<\/strong>\u00a0per facilitar l\u2019adquisici\u00f3 de la compet\u00e8ncia digital per part de les fam\u00edlies i donar resposta des de l\u2019acompanyament a les seves necessitats.<\/p>\n<p><iframe loading=\"lazy\" src=\"\/\/www.youtube.com\/embed\/jpQoGdX4hWE\" width=\"560\" height=\"314\"><\/iframe><\/p>\n","protected":false},"excerpt":{"rendered":"<p>Des del\u00a0<a href=\"http:\/\/educacio.gencat.cat\/ca\/departament\/publicacions\/monografies\/pla-educacio-digital\/\" target=\"_blank\" rel=\"noopener noreferrer\">Pla d\u2019educaci\u00f3 digital de Catalunya 2020-23<\/a>\u00a0i el\u00a0<a href=\"http:\/\/educacio.gencat.cat\/ca\/departament\/linies-estrategiques\/pla-millora-oportunitats-educatives\/\" target=\"_blank\" rel=\"noopener noreferrer\">Pla de millora d\u2019oportunitats educatives<\/a>, impulsats des del Departament d\u2019Educaci\u00f3, neix la iniciativa\u00a0Fam\u00edlies digitals\u00a0per facilitar l\u2019adquisici\u00f3 de la compet\u00e8ncia digital per part de les fam\u00edlies i donar resposta des de&hellip;  <a href=\"https:\/\/agora.xtec.cat\/zer-les-salines\/activitatszer\/families\/families-digitals\/\" title=\"Read Fam\u00edlies digitals\">Llegeix m\u00e9s\u00bb<\/a><\/p>\n","protected":false},"author":1,"featured_media":1723,"comment_status":"open","ping_status":"closed","sticky":false,"template":"","format":"standard","meta":{"_bbp_topic_count":0,"_bbp_reply_count":0,"_bbp_total_topic_count":0,"_bbp_total_reply_count":0,"_bbp_voice_count":0,"_bbp_anonymous_reply_count":0,"_bbp_topic_count_hidden":0,"_bbp_reply_count_hidden":0,"_bbp_forum_subforum_count":0,"footnotes":""},"categories":[227],"tags":[330,329],"class_list":["post-1719","post","type-post","status-publish","format-standard","has-post-thumbnail","hentry","category-families","tag-competencia-digital","tag-pla-deducacio-digital"],"post_mailing_queue_ids":[],"_links":{"self":[{"href":"https:\/\/agora.xtec.cat\/zer-les-salines\/wp-json\/wp\/v2\/posts\/1719","targetHints":{"allow":["GET"]}}],"collection":[{"href":"https:\/\/agora.xtec.cat\/zer-les-salines\/wp-json\/wp\/v2\/posts"}],"about":[{"href":"https:\/\/agora.xtec.cat\/zer-les-salines\/wp-json\/wp\/v2\/types\/post"}],"author":[{"embeddable":true,"href":"https:\/\/agora.xtec.cat\/zer-les-salines\/wp-json\/wp\/v2\/users\/1"}],"replies":[{"embeddable":true,"href":"https:\/\/agora.xtec.cat\/zer-les-salines\/wp-json\/wp\/v2\/comments?post=1719"}],"version-history":[{"count":1,"href":"https:\/\/agora.xtec.cat\/zer-les-salines\/wp-json\/wp\/v2\/posts\/1719\/revisions"}],"predecessor-version":[{"id":1721,"href":"https:\/\/agora.xtec.cat\/zer-les-salines\/wp-json\/wp\/v2\/posts\/1719\/revisions\/1721"}],"wp:featuredmedia":[{"embeddable":true,"href":"https:\/\/agora.xtec.cat\/zer-les-salines\/wp-json\/wp\/v2\/media\/1723"}],"wp:attachment":[{"href":"https:\/\/agora.xtec.cat\/zer-les-salines\/wp-json\/wp\/v2\/media?parent=1719"}],"wp:term":[{"taxonomy":"category","embeddable":true,"href":"https:\/\/agora.xtec.cat\/zer-les-salines\/wp-json\/wp\/v2\/categories?post=1719"},{"taxonomy":"post_tag","embeddable":true,"href":"https:\/\/agora.xtec.cat\/zer-les-salines\/wp-json\/wp\/v2\/tags?post=1719"}],"curies":[{"name":"wp","href":"https:\/\/api.w.org\/{rel}","templated":true}]}}