{"id":1707,"date":"2021-03-04T11:54:56","date_gmt":"2021-03-04T10:54:56","guid":{"rendered":"http:\/\/agora.xtec.cat\/zer-les-salines\/?p=1707"},"modified":"2021-03-04T11:54:56","modified_gmt":"2021-03-04T10:54:56","slug":"guia-preinscripcio-21-22","status":"publish","type":"post","link":"https:\/\/agora.xtec.cat\/zer-les-salines\/portada\/guia-preinscripcio-21-22\/","title":{"rendered":"Guia preinscripci\u00f3 21-22"},"content":{"rendered":"<p>Us deixem l&#8217;enlla\u00e7 de la<a href=\"https:\/\/drive.google.com\/file\/d\/1SsgjlS8K7TuG2wSB4e1LflYq0ah2h7XE\/view?usp=sharing\">\u00a0&#8220;Guia per a la preinscripci\u00f3 en l\u00ednia i matr\u00edcula del curs 2021-2022&#8221;<\/a><\/p>\n<p>&nbsp;<\/p>\n","protected":false},"excerpt":{"rendered":"<p>Us deixem l&#8217;enlla\u00e7 de la<a href=\"https:\/\/drive.google.com\/file\/d\/1SsgjlS8K7TuG2wSB4e1LflYq0ah2h7XE\/view?usp=sharing\">\u00a0&#8220;Guia per a la preinscripci\u00f3 en l\u00ednia i matr\u00edcula del curs 2021-2022&#8221;<\/a><br \/>\n&nbsp;<\/p>\n","protected":false},"author":1,"featured_media":1708,"comment_status":"open","ping_status":"closed","sticky":false,"template":"","format":"standard","meta":{"_bbp_topic_count":0,"_bbp_reply_count":0,"_bbp_total_topic_count":0,"_bbp_total_reply_count":0,"_bbp_voice_count":0,"_bbp_anonymous_reply_count":0,"_bbp_topic_count_hidden":0,"_bbp_reply_count_hidden":0,"_bbp_forum_subforum_count":0,"footnotes":""},"categories":[227,29],"tags":[290],"class_list":["post-1707","post","type-post","status-publish","format-standard","has-post-thumbnail","hentry","category-families","category-portada","tag-preinscripcio"],"post_mailing_queue_ids":[],"_links":{"self":[{"href":"https:\/\/agora.xtec.cat\/zer-les-salines\/wp-json\/wp\/v2\/posts\/1707","targetHints":{"allow":["GET"]}}],"collection":[{"href":"https:\/\/agora.xtec.cat\/zer-les-salines\/wp-json\/wp\/v2\/posts"}],"about":[{"href":"https:\/\/agora.xtec.cat\/zer-les-salines\/wp-json\/wp\/v2\/types\/post"}],"author":[{"embeddable":true,"href":"https:\/\/agora.xtec.cat\/zer-les-salines\/wp-json\/wp\/v2\/users\/1"}],"replies":[{"embeddable":true,"href":"https:\/\/agora.xtec.cat\/zer-les-salines\/wp-json\/wp\/v2\/comments?post=1707"}],"version-history":[{"count":1,"href":"https:\/\/agora.xtec.cat\/zer-les-salines\/wp-json\/wp\/v2\/posts\/1707\/revisions"}],"predecessor-version":[{"id":1709,"href":"https:\/\/agora.xtec.cat\/zer-les-salines\/wp-json\/wp\/v2\/posts\/1707\/revisions\/1709"}],"wp:featuredmedia":[{"embeddable":true,"href":"https:\/\/agora.xtec.cat\/zer-les-salines\/wp-json\/wp\/v2\/media\/1708"}],"wp:attachment":[{"href":"https:\/\/agora.xtec.cat\/zer-les-salines\/wp-json\/wp\/v2\/media?parent=1707"}],"wp:term":[{"taxonomy":"category","embeddable":true,"href":"https:\/\/agora.xtec.cat\/zer-les-salines\/wp-json\/wp\/v2\/categories?post=1707"},{"taxonomy":"post_tag","embeddable":true,"href":"https:\/\/agora.xtec.cat\/zer-les-salines\/wp-json\/wp\/v2\/tags?post=1707"}],"curies":[{"name":"wp","href":"https:\/\/api.w.org\/{rel}","templated":true}]}}